{"id":1238,"date":"2014-01-15T22:37:23","date_gmt":"2014-01-15T21:37:23","guid":{"rendered":"http:\/\/www.lepennec.org\/partons\/?p=1238"},"modified":"2014-01-15T22:37:23","modified_gmt":"2014-01-15T21:37:23","slug":"rhodes","status":"publish","type":"post","link":"https:\/\/www.lepennec.org\/partons\/rhodes\/","title":{"rendered":"Rhodes"},"content":{"rendered":"<script>fsg_json['fsg_post_1238'] = [\n{id: 1242, image: 'http:\/\/www.lepennec.org\/partons\/wp-content\/uploads\/2014\/01\/DSC_5109.jpg', extlink: '', thumb: 'https:\/\/www.lepennec.org\/partons\/wp-content\/uploads\/2014\/01\/DSC_5109-150x150.jpg', permalink: '<div class=\"galleria-layeritem\"><a title=\"Permalink\" href=\"https:\/\/www.lepennec.org\/partons\/wp-content\/uploads\/2014\/01\/DSC_5109.jpg\"><div class=\"galleria-link-bookmark\"><\/div><\/a><\/div>', layer: '<div class=\"galleria-infolayer\"><div class=\"galleria-layeritem\" style=\"padding-right: 20px;\"><h1>le village de Koskinou<\/h1><\/div><div class=\"galleria-layeritem\"><a title=\"Permalink\" href=\"https:\/\/www.lepennec.org\/partons\/wp-content\/uploads\/2014\/01\/DSC_5109.jpg\"><div class=\"galleria-link-bookmark\"><\/div><\/a><\/div><div class=\"galleria-layeritem\" style=\"padding-right: 20px;\"><\/div>'},\n{id: 1239, image: 'http:\/\/www.lepennec.org\/partons\/wp-content\/uploads\/2014\/01\/DSC_5287.jpg', extlink: '', thumb: 'https:\/\/www.lepennec.org\/partons\/wp-content\/uploads\/2014\/01\/DSC_5287-150x150.jpg', permalink: '<div class=\"galleria-layeritem\"><a title=\"Permalink\" href=\"https:\/\/www.lepennec.org\/partons\/wp-content\/uploads\/2014\/01\/DSC_5287.jpg\"><div class=\"galleria-link-bookmark\"><\/div><\/a><\/div>', layer: '<div class=\"galleria-infolayer\"><div class=\"galleria-layeritem\" style=\"padding-right: 20px;\"><h1>DSC_5287<\/h1><\/div><div class=\"galleria-layeritem\"><a title=\"Permalink\" href=\"https:\/\/www.lepennec.org\/partons\/wp-content\/uploads\/2014\/01\/DSC_5287.jpg\"><div class=\"galleria-link-bookmark\"><\/div><\/a><\/div><div class=\"galleria-layeritem\" style=\"padding-right: 20px;\"><\/div>'},\n{id: 1241, image: 'http:\/\/www.lepennec.org\/partons\/wp-content\/uploads\/2014\/01\/DSC_5210.jpg', extlink: '', thumb: 'https:\/\/www.lepennec.org\/partons\/wp-content\/uploads\/2014\/01\/DSC_5210-150x150.jpg', permalink: '<div class=\"galleria-layeritem\"><a title=\"Permalink\" href=\"https:\/\/www.lepennec.org\/partons\/wp-content\/uploads\/2014\/01\/DSC_5210.jpg\"><div class=\"galleria-link-bookmark\"><\/div><\/a><\/div>', layer: '<div class=\"galleria-infolayer\"><div class=\"galleria-layeritem\" style=\"padding-right: 20px;\"><h1>DSC_5210<\/h1><\/div><div class=\"galleria-layeritem\"><a title=\"Permalink\" href=\"https:\/\/www.lepennec.org\/partons\/wp-content\/uploads\/2014\/01\/DSC_5210.jpg\"><div class=\"galleria-link-bookmark\"><\/div><\/a><\/div><div class=\"galleria-layeritem\" style=\"padding-right: 20px;\"><\/div>'},\n{id: 1243, image: 'http:\/\/www.lepennec.org\/partons\/wp-content\/uploads\/2014\/01\/DSC_5298.jpg', extlink: '', thumb: 'https:\/\/www.lepennec.org\/partons\/wp-content\/uploads\/2014\/01\/DSC_5298-150x150.jpg', permalink: '<div class=\"galleria-layeritem\"><a title=\"Permalink\" href=\"https:\/\/www.lepennec.org\/partons\/wp-content\/uploads\/2014\/01\/DSC_5298.jpg\"><div class=\"galleria-link-bookmark\"><\/div><\/a><\/div>', layer: '<div class=\"galleria-infolayer\"><div class=\"galleria-layeritem\" style=\"padding-right: 20px;\"><h1>DSC_5298<\/h1><\/div><div class=\"galleria-layeritem\"><a title=\"Permalink\" href=\"https:\/\/www.lepennec.org\/partons\/wp-content\/uploads\/2014\/01\/DSC_5298.jpg\"><div class=\"galleria-link-bookmark\"><\/div><\/a><\/div><div class=\"galleria-layeritem\" style=\"padding-right: 20px;\"><\/div>'},\n{id: 1245, image: 'http:\/\/www.lepennec.org\/partons\/wp-content\/uploads\/2014\/01\/DSC_5371.jpg', extlink: '', thumb: 'https:\/\/www.lepennec.org\/partons\/wp-content\/uploads\/2014\/01\/DSC_5371-150x150.jpg', permalink: '<div class=\"galleria-layeritem\"><a title=\"Permalink\" href=\"https:\/\/www.lepennec.org\/partons\/wp-content\/uploads\/2014\/01\/DSC_5371.jpg\"><div class=\"galleria-link-bookmark\"><\/div><\/a><\/div>', layer: '<div class=\"galleria-infolayer\"><div class=\"galleria-layeritem\" style=\"padding-right: 20px;\"><h1>DSC_5371<\/h1><\/div><div class=\"galleria-layeritem\"><a title=\"Permalink\" href=\"https:\/\/www.lepennec.org\/partons\/wp-content\/uploads\/2014\/01\/DSC_5371.jpg\"><div class=\"galleria-link-bookmark\"><\/div><\/a><\/div><div class=\"galleria-layeritem\" style=\"padding-right: 20px;\"><\/div>'}\n];<\/script>\n<p>Nous sommes arriv\u00e9s \u00e0 Rhodes comme pr\u00e9vu lundi 30 d\u00e9cembre, apr\u00e8s une travers\u00e9e un peu mouvement\u00e9e. \u00c0 l&rsquo;int\u00e9rieur du bateau, nous avons vu d\u00e9filer des gens naus\u00e9eux \u00e0 la recherche de toilettes en toute urgence, la mer \u00e9tant encore passablement agit\u00e9e par les derniers jours de temp\u00eate. Elouan a lui aussi \u00e9t\u00e9 malade et nous \u00e9tions bien contents de toucher terre apr\u00e8s ces deux heures de bateau.<\/p>\n<p>Nous avions pour mission de trouver rapidement un pied-\u00e0-terre pour accueillir nos amis, Benoit et Ga\u00eblle, venus nous rendre visite pour une semaine de vacances. Nous avons arpent\u00e9 la vieille ville pendant deux jours, mais n&rsquo;avons malheureusement rien trouv\u00e9 \u00e0 louer. La cit\u00e9 m\u00e9di\u00e9vale est magnifique, mais sa splendeur l&rsquo;a vid\u00e9e de ses habitants, et une fois la saison touristique termin\u00e9e, les portes des magasins et des pensions sont closes. Cela a des airs de cartes postales, mais c&rsquo;est aussi mort qu&rsquo;un dimanche \u00e0 Nevers.<\/p>\n<p>Nous avons alors fil\u00e9 jusque Koskinou, \u00e0 8 km de l\u00e0, pour essayer de retrouver le propri\u00e9taire d&rsquo;une villa que nous avions vu quelques mois plus t\u00f4t sur Internet. Nous connaissions son nom et savions qu&rsquo;il \u00e9tait le propri\u00e9taire d&rsquo;une 2CV rouge et noire. Apr\u00e8s enqu\u00eate dans le village, un tavernier nous a finalement conduits jusqu&rsquo;\u00e0 sa demeure. Timol\u00e9on en sortit tout surpris et se demanda pendant quelques secondes qui \u00e9taient ses \u00e9nergum\u00e8nes \u00e0 v\u00e9lo. Le moins que l&rsquo;on puisse dire c&rsquo;est qu&rsquo;il \u00e9tait bien embarrass\u00e9. Aucune de ses maisons n&rsquo;\u00e9tait pr\u00eate \u00e0 recevoir du monde et il partait deux jours plus tard pour passer l&rsquo;hiver en Indon\u00e9sie.<\/p>\n<p><a data-postid=\"fsg_post_1238\" data-imgid=\"1242\" href=\"http:\/\/www.lepennec.org\/partons\/wp-content\/uploads\/2014\/01\/DSC_5109.jpg\"><img loading=\"lazy\" decoding=\"async\" class=\"aligncenter size-medium wp-image-1242\" alt=\"le village de Koskinou\" src=\"http:\/\/www.lepennec.org\/partons\/wp-content\/uploads\/2014\/01\/DSC_5109-300x198.jpg\" width=\"300\" height=\"198\" srcset=\"https:\/\/www.lepennec.org\/partons\/wp-content\/uploads\/2014\/01\/DSC_5109-300x198.jpg 300w, https:\/\/www.lepennec.org\/partons\/wp-content\/uploads\/2014\/01\/DSC_5109-1024x678.jpg 1024w, https:\/\/www.lepennec.org\/partons\/wp-content\/uploads\/2014\/01\/DSC_5109.jpg 1600w\" sizes=\"auto, (max-width: 300px) 100vw, 300px\" \/><\/a><\/p>\n<p>Nous avons fini par trouver un arrangement : prendre la maison en l&rsquo;\u00e9tat pour un prix int\u00e9ressant. Le lendemain, alors que des orages faisaient rage au-dehors, nous \u00e9tions encore une fois bien contents de pouvoir regarder les torrents de pluie par la fen\u00eatre.<\/p>\n<p>Nous avons profit\u00e9 des derniers jours avant l&rsquo;arriv\u00e9e de nos amis pour proc\u00e9der \u00e0 un grand nettoyage de nos affaires comme c&rsquo;est souvent le cas lorsqu&rsquo;on s&rsquo;arr\u00eate un peu plus longtemps que d&rsquo;habitude quelque part. Puis, nous sommes retourn\u00e9s vers la vieille ville pour rejoindre Pierre, Fabienne et Ad\u00e8le, famille de camping-caristes fran\u00e7ais, rencontr\u00e9s \u00e0 Marmaris et avec qui nous avions pass\u00e9 un peu de temps alors que nous attendions le ferry. Lors d&rsquo;un go\u00fbter cr\u00eapes dans le confortable habitacle, nous avions \u00e9chang\u00e9 nos impressions sur la Turquie. Pour diff\u00e9rentes raisons, Pierre et Fabienne ne partageaient pas du tout notre engouement pour ce pays et attendaient impatiemment de le quitter. Il est \u00e9tonnant comment les impressions de voyage peuvent \u00eatre diff\u00e9rentes selon les exp\u00e9riences de chacun. C&rsquo;est encore plus \u00e9tonnant pour la Turquie puisque la majorit\u00e9 des voyageurs s&rsquo;accorde sur sa beaut\u00e9 et la gentillesse de sa population. Alors que nous trouvions la nourriture d\u00e9licieuse, Pierre la trouvait quelconque et sans aucune finesse. Il en \u00e9tait un peu pareil des villes qu&rsquo;ils avaient travers\u00e9es, pollu\u00e9es par les chauffages \u00e0 charbon, elles leur laissaient une image assez quelconque d&rsquo;un pays dans lequel nous nous sentions bien.<\/p>\n<p><a data-postid=\"fsg_post_1238\" data-imgid=\"1239\" href=\"http:\/\/www.lepennec.org\/partons\/wp-content\/uploads\/2014\/01\/DSC_5287.jpg\"><img loading=\"lazy\" decoding=\"async\" class=\"aligncenter size-medium wp-image-1239\" alt=\"DSC_5287\" src=\"http:\/\/www.lepennec.org\/partons\/wp-content\/uploads\/2014\/01\/DSC_5287-300x198.jpg\" width=\"300\" height=\"198\" srcset=\"https:\/\/www.lepennec.org\/partons\/wp-content\/uploads\/2014\/01\/DSC_5287-300x198.jpg 300w, https:\/\/www.lepennec.org\/partons\/wp-content\/uploads\/2014\/01\/DSC_5287-1024x678.jpg 1024w, https:\/\/www.lepennec.org\/partons\/wp-content\/uploads\/2014\/01\/DSC_5287.jpg 1600w\" sizes=\"auto, (max-width: 300px) 100vw, 300px\" \/><\/a><\/p>\n<p><b>La vie en camper<\/b><\/p>\n<p>Pierre, Fabienne et Ad\u00e8le ont quitt\u00e9 les Bauges en ao\u00fbt dernier pour un p\u00e9riple de 7 mois en Europe. Ils agr\u00e9mentent leur voyage de pauses r\u00e9guli\u00e8res dans des lieux o\u00f9 ils offrent leurs services en \u00e9change du logis. Ad\u00e8le a 8 ans et suit l&rsquo;\u00e9cole par correspondance aid\u00e9e par sa maman. Ils ont choisi de voyager en camping-car et sont par cons\u00e9quent totalement ind\u00e9pendants. Le seul probl\u00e8me est que leur v\u00e9hicule n&rsquo;est pas pourvu de douche, ils sont donc continuellement en qu\u00eate d&rsquo;endroits pour se laver lorsqu&rsquo;ils ne sont pas arr\u00eat\u00e9s sur des lieux de volontariat. Nous leur avons naturellement propos\u00e9 de venir dans notre villa fra\u00eechement lou\u00e9e, histoire de profiter de notre confort int\u00e9rieur.<\/p>\n<p>Ils nous ont offert en retour de faire le tour de l&rsquo;\u00eele avec eux. Ils avaient compris que la vie en camping-car nous faisait un peu r\u00eaver. Fini la sueur et la crainte continuelle d&rsquo;une m\u00e9t\u00e9o capricieuse. \u00c0 bord du v\u00e9hicule, nous nous sentions un peu comme des ch\u00e2telains.<\/p>\n<p>Benoit et Ga\u00eblle ont donc eu la surprise de nous voir d\u00e9barquer \u00e0 l&rsquo;a\u00e9roport en camping-car avec nos nouveaux compagnons. Nous leur avons fait croire que nous n&rsquo;avions rien trouv\u00e9 \u00e0 louer et que nous allions par cons\u00e9quent s\u00e9journer \u00e0 9 dans ce Chausson mill\u00e9sime 1985 grand confort pendant une semaine.<\/p>\n<p>Nous avons finalement rejoint notre petite maison \u00e0 Koskinou. \u00c0 la vue du four, Pierre s&rsquo;est mis en t\u00eate de nous concocter de savoureux petits plats et il nous a vraiment g\u00e2t\u00e9s toute la semaine, un fin cuisinier.<\/p>\n<p>Le lundi, nous sommes retourn\u00e9s \u00e0 Rhodes et avons assist\u00e9 \u00e0 la c\u00e9r\u00e9monie de l&rsquo;\u00e9piphanie. Ce jour semble \u00eatre une institution pour les Grecs. Nous avons pu voir les popes b\u00e9nir les eaux et jeter un crucifix dans la mer. Puis quelques beaux sp\u00e9cimens de la gent masculine se sont jet\u00e9s \u00e0 l&rsquo;eau depuis le pont d&rsquo;un bateau afin de r\u00e9cup\u00e9rer et d&#8217;embrasser la croix jet\u00e9e. Il para\u00eet que cela leur porte chance pour toute l&rsquo;ann\u00e9e.<\/p>\n<p><a data-postid=\"fsg_post_1238\" data-imgid=\"1241\" href=\"http:\/\/www.lepennec.org\/partons\/wp-content\/uploads\/2014\/01\/DSC_5210.jpg\"><img loading=\"lazy\" decoding=\"async\" class=\"aligncenter size-medium wp-image-1241\" alt=\"DSC_5210\" src=\"http:\/\/www.lepennec.org\/partons\/wp-content\/uploads\/2014\/01\/DSC_5210-300x198.jpg\" width=\"300\" height=\"198\" srcset=\"https:\/\/www.lepennec.org\/partons\/wp-content\/uploads\/2014\/01\/DSC_5210-300x198.jpg 300w, https:\/\/www.lepennec.org\/partons\/wp-content\/uploads\/2014\/01\/DSC_5210-1024x678.jpg 1024w, https:\/\/www.lepennec.org\/partons\/wp-content\/uploads\/2014\/01\/DSC_5210.jpg 1600w\" sizes=\"auto, (max-width: 300px) 100vw, 300px\" \/><\/a><\/p>\n<p>Le lendemain, nous avons f\u00eat\u00e9 No\u00ebl avec un peu de retard. Ad\u00e8le a su tenir sa langue et Elouan \u00e9tait tout excit\u00e9 et jouasse \u00e0 la vue des cadeaux au pied de la branche que nous avions d\u00e9cor\u00e9e.<\/p>\n<p>&nbsp;<\/p>\n<p><b>\u00c0 bord<\/b><\/p>\n<p>Nous avons ensuite embarqu\u00e9 \u00e0 bord du \u00ab\u00a0<i>Chausson <\/i><i>grand confort\u00a0<\/i>\u00bb pour d\u00e9couvrir un peu plus l&rsquo;\u00eele. Deux jours de franche rigolade, \u00e0 sillonner les routes, se baigner, admirer de beaux villages et de belles chapelles. Le soir, nous avons bivouaqu\u00e9 au bord de la mer en compagnie d&rsquo;un autre couple de camping-caristes belge, d\u00e9vor\u00e9 des grillades cuites au feu de bois par notre cuistot de service et trinqu\u00e9 au bonheur d&rsquo;\u00eatre l\u00e0, entour\u00e9s d&rsquo;amis proches, de voyageurs crois\u00e9s au hasard des routes, \u00e0 la belle vie.<\/p>\n<p><a data-postid=\"fsg_post_1238\" data-imgid=\"1243\" href=\"http:\/\/www.lepennec.org\/partons\/wp-content\/uploads\/2014\/01\/DSC_5298.jpg\"><img loading=\"lazy\" decoding=\"async\" class=\"aligncenter size-medium wp-image-1243\" alt=\"DSC_5298\" src=\"http:\/\/www.lepennec.org\/partons\/wp-content\/uploads\/2014\/01\/DSC_5298-198x300.jpg\" width=\"198\" height=\"300\" srcset=\"https:\/\/www.lepennec.org\/partons\/wp-content\/uploads\/2014\/01\/DSC_5298-198x300.jpg 198w, https:\/\/www.lepennec.org\/partons\/wp-content\/uploads\/2014\/01\/DSC_5298-678x1024.jpg 678w, https:\/\/www.lepennec.org\/partons\/wp-content\/uploads\/2014\/01\/DSC_5298.jpg 1060w\" sizes=\"auto, (max-width: 198px) 100vw, 198px\" \/><\/a><\/p>\n<p>La semaine est pass\u00e9e tr\u00e8s vite. Ga\u00eblle et Benoit sont repartis dans leur petit coin de Bretagne, Pierre, Fabienne et Ad\u00e8le ont embarqu\u00e9 pour la Cr\u00e8te. Elouan \u00e9tait tr\u00e8s triste de voir tout le monde partir et particuli\u00e8rement sa nouvelle amie avec qui il a pass\u00e9 une semaine m\u00e9morable. Il nous a dit qu&rsquo;il \u00e9tait triste, car il n&rsquo;avait plus d&rsquo;amis. Ce sont les al\u00e9as des rencontres, de la vie d&rsquo;un petit voyageur.<\/p>\n<p><a data-postid=\"fsg_post_1238\" data-imgid=\"1245\" href=\"http:\/\/www.lepennec.org\/partons\/wp-content\/uploads\/2014\/01\/DSC_5371.jpg\"><img loading=\"lazy\" decoding=\"async\" class=\"aligncenter size-medium wp-image-1245\" alt=\"DSC_5371\" src=\"http:\/\/www.lepennec.org\/partons\/wp-content\/uploads\/2014\/01\/DSC_5371-300x198.jpg\" width=\"300\" height=\"198\" srcset=\"https:\/\/www.lepennec.org\/partons\/wp-content\/uploads\/2014\/01\/DSC_5371-300x198.jpg 300w, https:\/\/www.lepennec.org\/partons\/wp-content\/uploads\/2014\/01\/DSC_5371-1024x678.jpg 1024w, https:\/\/www.lepennec.org\/partons\/wp-content\/uploads\/2014\/01\/DSC_5371.jpg 1600w\" sizes=\"auto, (max-width: 300px) 100vw, 300px\" \/><\/a><\/p>\n<p>De notre c\u00f4t\u00e9, nous pr\u00e9parons encore une fois la suite. Rhodes est une belle \u00eele, mais nous ne nous voyons pas passer l&rsquo;hiver ici. La maison que nous avons lou\u00e9e est agr\u00e9able, mais hormis le centre du village, plut\u00f4t pr\u00e9serv\u00e9, les environs sont inint\u00e9ressants. Tout le nord de l&rsquo;\u00eele est saccag\u00e9 par le tourisme de masse.<\/p>\n<p>Nous devions donc trouver un autre plan et nous sommes tomb\u00e9s par hasard sur la description d&rsquo;une \u00eele sur le site de Lonely Planet\u00a0:<\/p>\n<p><i>\u00ab\u00a0Cette \u00eele magique r\u00e9unit histoire et traditions, culture et nature, plaisirs de l&rsquo;exercice physique et de l&rsquo;esprit, joies de la table et du partage&#8230;\u00a0\u00bb<\/i><\/p>\n<p>Une description all\u00e9chante qui nous a donn\u00e9 envie de voir \u00e0 quoi ressemblait la Cr\u00e8te de plus pr\u00e8s. Ironie du sort, nos amis cyclistes, Patrick &amp; Sophie y \u00e9taient il y a un mois, nous aurions aim\u00e9 les voir, mais nous n&rsquo;avons jamais pens\u00e9 jusqu&rsquo;ici rejoindre cette partie de la Gr\u00e8ce.<\/p>\n<p>Avant de nous y rendre, nous ferons probablement halte \u00e0 Karpathos et \u00e0 Kassos, histoire d&rsquo;en baver un peu dans ces \u00eeles montagneuses apr\u00e8s nos deux semaines de repos&#8230;<\/p>\n<p><strong>Ronan<\/strong><\/p>\n","protected":false},"excerpt":{"rendered":"<p>Nous sommes arriv\u00e9s \u00e0 Rhodes comme pr\u00e9vu lundi 30 d\u00e9cembre, apr\u00e8s une travers\u00e9e un peu mouvement\u00e9e. \u00c0 l&rsquo;int\u00e9rieur du bateau, nous avons vu d\u00e9filer des gens naus\u00e9eux \u00e0 la recherche de toilettes en toute urgence, la mer \u00e9tant encore passablement agit\u00e9e par les derniers jours de temp\u00eate. Elouan a lui aussi \u00e9t\u00e9 malade et nous [&hellip;]<\/p>\n","protected":false},"author":1,"featured_media":1244,"comment_status":"open","ping_status":"open","sticky":false,"template":"","format":"standard","meta":{"footnotes":""},"categories":[4],"tags":[],"class_list":["post-1238","post","type-post","status-publish","format-standard","has-post-thumbnail","hentry","category-carnets-de-route"],"_links":{"self":[{"href":"https:\/\/www.lepennec.org\/partons\/wp-json\/wp\/v2\/posts\/1238","targetHints":{"allow":["GET"]}}],"collection":[{"href":"https:\/\/www.lepennec.org\/partons\/wp-json\/wp\/v2\/posts"}],"about":[{"href":"https:\/\/www.lepennec.org\/partons\/wp-json\/wp\/v2\/types\/post"}],"author":[{"embeddable":true,"href":"https:\/\/www.lepennec.org\/partons\/wp-json\/wp\/v2\/users\/1"}],"replies":[{"embeddable":true,"href":"https:\/\/www.lepennec.org\/partons\/wp-json\/wp\/v2\/comments?post=1238"}],"version-history":[{"count":1,"href":"https:\/\/www.lepennec.org\/partons\/wp-json\/wp\/v2\/posts\/1238\/revisions"}],"predecessor-version":[{"id":1246,"href":"https:\/\/www.lepennec.org\/partons\/wp-json\/wp\/v2\/posts\/1238\/revisions\/1246"}],"wp:featuredmedia":[{"embeddable":true,"href":"https:\/\/www.lepennec.org\/partons\/wp-json\/wp\/v2\/media\/1244"}],"wp:attachment":[{"href":"https:\/\/www.lepennec.org\/partons\/wp-json\/wp\/v2\/media?parent=1238"}],"wp:term":[{"taxonomy":"category","embeddable":true,"href":"https:\/\/www.lepennec.org\/partons\/wp-json\/wp\/v2\/categories?post=1238"},{"taxonomy":"post_tag","embeddable":true,"href":"https:\/\/www.lepennec.org\/partons\/wp-json\/wp\/v2\/tags?post=1238"}],"curies":[{"name":"wp","href":"https:\/\/api.w.org\/{rel}","templated":true}]}}