{"id":1280,"date":"2014-02-20T16:26:03","date_gmt":"2014-02-20T15:26:03","guid":{"rendered":"http:\/\/www.lepennec.org\/partons\/?p=1280"},"modified":"2014-02-28T07:38:02","modified_gmt":"2014-02-28T06:38:02","slug":"la-crete","status":"publish","type":"post","link":"https:\/\/www.lepennec.org\/partons\/la-crete\/","title":{"rendered":"La Cr\u00e8te"},"content":{"rendered":"<p>Forc\u00e9ment, quand on ne prend pas le temps de mettre \u00e0 jour ses notes de voyage de fa\u00e7on r\u00e9guli\u00e8re, on se retrouve \u00e0 devoir raconter tout un tas de p\u00e9rip\u00e9ties qui jalonnent la vie bien remplie d&rsquo;un aventurier.<\/p>\n<p>J&rsquo;avais donc commenc\u00e9 par \u00e9crire un texte qui aurait bien fini par atteindre une dizaine de pages o\u00f9 je racontais notamment que nous avions perdu notre gourde \u00e0 Sitia puis un panettone accroch\u00e9 \u00e0 l&rsquo;arri\u00e8re du chariot (apr\u00e8s les f\u00eates, ils bradent cette p\u00e2tisserie d\u00e9licieuse).<\/p>\n<p>Mais voil\u00e0 une fois le texte mis \u00e0 l&rsquo;approbation du comit\u00e9 de r\u00e9daction, il fut rejet\u00e9. La r\u00e9dactrice en chef consid\u00e9rait que je m&rsquo;\u00e9garais en digression et que si je voulais garder le lecteur en haleine et mon poste, il fallait que j&rsquo;aille \u00e0 l&rsquo;essentiel.<\/p>\n<p>Je d\u00e9cidais donc de revoir ma copie et de me concentrer sur les faits les plus remarquables de notre voyage. Notre premi\u00e8re semaine se r\u00e9sumerait donc de la mani\u00e8re suivante : nous avons red\u00e9couvert les joies de la pluie, appris que la Cr\u00e8te en plus d&rsquo;\u00eatre une \u00eele \u00e9tait surtout une montagne qui se jetait dans la mer, d\u00e9couvert que les cartes donn\u00e9es gratuitement dans les agences de voyages n&rsquo;\u00e9taient pas toujours pr\u00e9cises et bien d&rsquo;autres choses encore.<\/p>\n<p>De Sitia o\u00f9 nous d\u00e9barqu\u00e2mes dimanche 26 janvier, nous primes la direction de Ierapetra situ\u00e9 \u00e0 70km de l\u00e0 sur la c\u00f4te sud de l&rsquo;\u00eele. Le nord comme nous nous y attendions ne suscita pas en nous un profond enthousiasme. Nous d\u00e9couvr\u00eemes par contre l&rsquo;int\u00e9rieur du pays, ayant choisi un itin\u00e9raire plut\u00f4t direct qui empruntait une belle petite route de montagne \u00e0 l&rsquo;abri de la circulation. Apr\u00e8s une nuit tr\u00e8s fra\u00eeche (certainement autour de 4 degr\u00e9s) \u00e0 plus de 400 m d&rsquo;altitude, entre des oliviers, sur une belle petite plate-forme recouverte de feuilles de tr\u00e8fles, nous avons fait trente kilom\u00e8tres au soleil, sans un souffle de vent et avons rejoint tranquillement Koutsouras o\u00f9 nous avons pu admirer la mer de Libye. L&rsquo;Afrique n&rsquo;\u00e9tait plus tr\u00e8s loin.<\/p>\n<p>\u00c0 Ierapetra, nous avions rendez-vous avec Stravros qui nous offrait l&rsquo;hospitalit\u00e9 pour deux nuits.<\/p>\n<p>Stravros est membre du r\u00e9seau d&rsquo;hospitalit\u00e9 entre cyclistes Warmshower. Il n&rsquo;est pas tr\u00e8s adepte du v\u00e9lo, mais a d\u00e9cid\u00e9 de devenir membre depuis que ses deux enfants ont r\u00e9alis\u00e9 un voyage \u00e0 v\u00e9lo en Am\u00e9rique du Sud.<\/p>\n<p align=\"JUSTIFY\">\u00a0N&rsquo;ayant pu pr\u00e9venir notre h\u00f4te de l&rsquo;heure exacte de notre arriv\u00e9e, nous nous sommes point\u00e9s chez lui quand nous avons jug\u00e9 qu&rsquo;il n&rsquo;\u00e9tait ni trop t\u00f4t ni trop tard. Cependant, nous avons d\u00fb le r\u00e9veiller de sa sieste et c&rsquo;est certainement pour cette raison que nous ne l&rsquo;avons pas trouv\u00e9 particuli\u00e8rement sympathique au premier abord. La soixantaine bien tass\u00e9e, assez corpulent, le visage ferm\u00e9, il nous a montr\u00e9 la petite pi\u00e8ce du haut, un peu mal \u00e0 l\u2019aise. Il \u00e9tait inquiet pour les enfants \u00e0 cause du petit escalier tr\u00e8s pentu et ne savait pas si l&rsquo;endroit \u00e9tait assez grand. Nous avons t\u00f4t fait de le rassurer, c&rsquo;\u00e9tait plus qu&rsquo;il nous en fallait. Une pi\u00e8ce avec trois petits lits, dont deux superpos\u00e9s, un plafond et un plancher en bois, une grande terrasse en b\u00e9ton.<\/p>\n<p align=\"JUSTIFY\">Les deux jours pass\u00e9s en sa compagnie ont \u00e9t\u00e9 \u00e0 la fois simples, bizarres et tr\u00e8s int\u00e9ressants. Simples parce qu&rsquo;il a plus ou moins continu\u00e9 \u00e0 vivre sa vie comme si nous n&rsquo;\u00e9tions pas l\u00e0, allant ici et l\u00e0, sortant promener le chien, faisant les courses, rendant visite \u00e0 ses amis et nous laissant du temps pour nos occupations. Bizarres parce que nous ne nous sentions pas toujours \u00e0 l&rsquo;aise, nous avions parfois l&rsquo;impression de le d\u00e9ranger, il semblait \u00e0 la fois disponible et distant. Il faut dire que la pr\u00e9sence d&rsquo;une famille avec des enfants devait bouleverser son quotidien.<\/p>\n<p align=\"JUSTIFY\">Nous avons par contre appris beaucoup de choses sur la Gr\u00e8ce et sur la crise qui l&rsquo;a touch\u00e9e en 2009-2010. Personnellement, je ne connaissais pas trop les m\u00e9canismes qui ont conduit la Gr\u00e8ce \u00e0 la faillite et Stravros en bon professeur nous a expliqu\u00e9 tout cela de mani\u00e8re simple et concise.<\/p>\n<p align=\"JUSTIFY\">Grosso modo, la Gr\u00e8ce est un pi\u00e8tre comptable. Dans bon nombre de pays que nous avons travers\u00e9s, les gens nous ont parl\u00e9 de la corruption qui touchait l\u2019ex\u00e9cutif. En Gr\u00e8ce, le probl\u00e8me est tout autre. La faillite grecque est une responsabilit\u00e9 partag\u00e9e entre le laxisme de l&rsquo;\u00e9tat et la fraude av\u00e9r\u00e9e des contribuables. Il nous a racont\u00e9 que des gens se pointaient dans les pharmacies avec des feuilles remplies de vignettes que l&rsquo;on trouve sur les bo\u00eetes de m\u00e9dicaments pour le remboursement. Des feuilles qu&rsquo;ils imprimaient et qu&rsquo;ils vendaient \u00e0 bas prix aux pharmaciens qui pouvaient ensuite se les faire rembourser par le syst\u00e8me d&rsquo;assurance m\u00e9dicale. Dans les magasins, aucune comptabilit\u00e9 et de fausses d\u00e9clarations de TVA. Depuis peu, une loi a \u00e9t\u00e9 vot\u00e9e qui oblige les commer\u00e7ants \u00e0 donner des tickets de caisse aux clients sous peine d&rsquo;amende. Cela semble porter ses fruits. Le probl\u00e8me reste cependant entier, les politiciens n&rsquo;ont pas chang\u00e9, les instances europ\u00e9ennes obligent les dirigeants \u00e0 prendre des mesures pour remettre la Gr\u00e8ce sur de bons rails. Stravros nous disait encore qu&rsquo;un journaliste avait demand\u00e9 \u00e0 la ministre de l&rsquo;\u00c9ducation combien il y avait de professeurs en Gr\u00e8ce. Elle fut incapable de r\u00e9pondre, aucun registre ne comptabilisant le nombre de fonctionnaires. De m\u00eame, la taxe d&rsquo;habitation existe depuis bien longtemps, mais personne ne la payait. Cette ann\u00e9e, l&rsquo;\u00e9tat a d\u00e9cid\u00e9 de la faire appara\u00eetre sur les factures d&rsquo;\u00e9lectricit\u00e9 et sans paiement, l&rsquo;\u00e9lectricit\u00e9 est coup\u00e9e.<\/p>\n<p align=\"JUSTIFY\">Cette crise est cependant loin d&rsquo;\u00eatre r\u00e9solue. Il faudra certainement des ann\u00e9es pour renflouer les caisses de l&rsquo;\u00e9tat qui continue d&#8217;emprunter de l&rsquo;argent \u00e0 des taux \u00e9lev\u00e9s aupr\u00e8s des instances europ\u00e9ennes et des d\u00e9cennies pour changer les mentalit\u00e9s.<\/p>\n<p align=\"JUSTIFY\">Apr\u00e8s la crise, Stravros nous a \u00e9galement fait d\u00e9couvert un pan de la cuisine cr\u00e9toise, savoureuse et s&rsquo;est mis en t\u00eate de nous rendre sp\u00e9cialistes de la musique grecque. De retour d&rsquo;une vir\u00e9e nocturne, il nous a fait \u00e9couter pendant deux heures de la musique grecque traditionnelle. Je n&rsquo;avais qu&rsquo;une envie, aller me coucher.<\/p>\n<p align=\"JUSTIFY\">Alors que nous avions l&rsquo;impression de le d\u00e9ranger depuis la veille, je crois que Stravros \u00e9tait finalement bien content de nous avoir avec lui. Nous aurions certainement gagn\u00e9 \u00e0 rester plus longtemps et il a m\u00eame paru un peu d\u00e9\u00e7u de nous voir partir dimanche matin.<\/p>\n<p align=\"JUSTIFY\">Peu apr\u00e8s notre d\u00e9part, la pluie a refait son apparition. Elle n&rsquo;allait pas vraiment nous quitter pendant les cinq jours qui suivirent.<\/p>\n<p align=\"JUSTIFY\">De Ierapetra, nous avons roul\u00e9 une vingtaine de kilom\u00e8tres jusqu&rsquo;\u00e0 Myrtos. De l\u00e0, nous avions deux choix, continuer sur la route principale qui s&rsquo;enfon\u00e7ait dans les montagnes ou suivre une piste qui longeait plus ou moins le bord de mer. Dans une taverne, nous demandions leur avis aux clients qui nous r\u00e9pondirent que la piste serait certainement impraticable pour nos v\u00e9los. Ind\u00e9cis, nous d\u00e9cid\u00e2mes finalement de rester \u00e0 Myrtos pour la nuit.<\/p>\n<p align=\"JUSTIFY\">Nous avions vu au bord de la mer, un petit restaurant ferm\u00e9 pour l&rsquo;hiver. Juste \u00e0 c\u00f4t\u00e9, une terrasse couverte qui pourrait nous servir d&rsquo;abri en cas d&rsquo;intemp\u00e9ries et avons d\u00e9cid\u00e9 de nous y installer.<\/p>\n<p align=\"JUSTIFY\">Lorsqu&rsquo;il a recommenc\u00e9 \u00e0 pleuvoir, nous nous sommes finalement rendu compte que le toit de l&rsquo;auvent \u00e9tait fait de feuilles de palmiers et qu&rsquo;il n&rsquo;\u00e9tait par cons\u00e9quent pas du tout \u00e9tanche. Pire, vu que nous \u00e9tions sur une dalle en b\u00e9ton, l&rsquo;eau ne pouvait m\u00eame pas s&rsquo;\u00e9couler. C&rsquo;est un peu comme si nous avions plant\u00e9 la tente dans une flaque d&rsquo;eau. En nous couchant, nous avons constat\u00e9 que les bords des sacs de couchage \u00e9taient tremp\u00e9s tout comme le sol de la tente. Du travail de pro.<\/p>\n<p align=\"JUSTIFY\">La nuit ne fut finalement pas si terrible. Les sacs de couchage ont fini par s\u00e9cher \u00e0 la chaleur de nos corps et nous avons profit\u00e9 d&rsquo;une matin\u00e9e venteuse et ensoleill\u00e9e pour tout faire s\u00e9cher. Avant de repartir, nous avons rencontr\u00e9 Alain. Il nous apprit finalement que la piste longeant la mer \u00e9tait tout \u00e0 fait praticable et nous d\u00e9cid\u00e2mes de la suivre.<\/p>\n<p align=\"JUSTIFY\">Alain est un vieux baroudeur fran\u00e7ais qui voyage en camion am\u00e9nag\u00e9. Professeur \u00e0 la retraite, il part tous les ans pour les mois d&rsquo;hiver et descend dans des contr\u00e9es plus chaudes que ses Vosges. Ancien cyclovoyageur, il transporte maintenant son v\u00e9lo dans son camion et se paie de belles balades \u00e0 chaque \u00e9tape. Il nous a expliqu\u00e9 qu&rsquo;il essaie de se faire un camping toutes les trois semaines, histoire de se faire une bonne lessive et de se prendre une bonne douche.<\/p>\n<p align=\"JUSTIFY\">Avec notre rythme d&rsquo;un \u00e0 deux h\u00f4tels par semaine, nous avons maintenant la certitude d&rsquo;\u00eatre des bourgeois dans le petit monde des voyageurs. Andrew et Matt, les cyclistes anglais que nous avons crois\u00e9s en Turquie ne devaient pas s&rsquo;arr\u00eater souvent \u00e0 l&rsquo;h\u00f4tel avec leur budget de 2\u20ac par jour. Cependant, vu les prix pratiqu\u00e9s en Gr\u00e8ce, nous allons devoir espacer ses arr\u00eats et faire preuve d&rsquo;un peu plus d&rsquo;ing\u00e9niosit\u00e9 pour nous laver.<\/p>\n<p align=\"JUSTIFY\"><b>3 \u2013 13 f\u00e9vrier\u00a0: Myrtos \u2013 Matala &#8211; Iraklion<\/b><\/p>\n<p align=\"JUSTIFY\">Apr\u00e8s Myrtos, la piste cens\u00e9e longer le bord de mer s&rsquo;est finalement av\u00e9r\u00e9e assez pentue et nous faisait monter de 200m d&rsquo;altitude avant de redescendre vers la mer.<\/p>\n<p align=\"JUSTIFY\">L&rsquo;\u00e9pisode s\u00e9chage \u00e0 Myrtos nous ayant pris toute la matin\u00e9e, nous n&rsquo;avons roul\u00e9 que 7 kilom\u00e8tres lundi pour atteindre le village suivant. Nous avons comme la veille profit\u00e9 d&rsquo;une terrasse (cette fois bien) couverte pour se prot\u00e9ger du mauvais temps.<\/p>\n<p align=\"JUSTIFY\">Le lendemain, il a plu presque toute la journ\u00e9e. En d\u00e9but d&rsquo;apr\u00e8s-midi, passablement tremp\u00e9s, nous nous sommes faits h\u00e9l\u00e9s par une dame dans une petite \u00ab\u00a0Tabepna\u00a0\u00bb de bord de route. Elle nous a demand\u00e9 d&rsquo;o\u00f9 nous venions et nous a invit\u00e9s \u00e0 prendre un caf\u00e9. Nous \u00e9tions en compagnie de ce couple de tenanciers, d&rsquo;un fran\u00e7ais nomm\u00e9 Richard, quasi-SDF, vivant en Cr\u00e8te depuis vingt ans. Barbe et cheveux longs, compl\u00e8tement \u00e9dent\u00e9, il nous a expliqu\u00e9 qu&rsquo;il faisait des petits boulots pour survivre. Mais il ne semblait pas avoir de gros moyens puisqu&rsquo;il est reparti du restaurant avec un bout de pain et une brochette qu&rsquo;ils lui ont donn\u00e9, avant d&rsquo;avoir vid\u00e9 les m\u00e9gots des cendriers pour se refaire une petite roul\u00e9e chez lui. Parti depuis longtemps et sans contact avec la France, il est en manque de litt\u00e9rature. Il a lu et relu ses quelques livres \u00e0 \u00ab en avoir la naus\u00e9e\u00a0\u00bb. Nous en avons donc profit\u00e9 pour lui donner trois de nos livres que nous avons lus et qui nous encombraient d\u00e9j\u00e0 depuis un moment (la vingt-cinqui\u00e8me heure, Purge et les hommes ivres de Dieu). Il \u00e9tait tellement content que nous l&rsquo;\u00e9tions tout autant, satisfaits d&rsquo;avoir gard\u00e9 nos livres si longtemps et d&rsquo;avoir trouv\u00e9 une personne qui allait en profiter.<\/p>\n<p align=\"JUSTIFY\">Il y avait \u00e9galement dans ce petit restaurant un remarquable personnage du nom de Giorgo, un g\u00e9ant roux qui a pris d&rsquo;affection les enfants, surtout Yana\u00ebl, et l&rsquo;a trimball\u00e9 dans ses bras durant une bonne partie de l&rsquo;apr\u00e8s-midi. Il a offert un fanta \u00e0 Elouan et du Raki pour les parents.<\/p>\n<p align=\"JUSTIFY\">La petite cantine de Rodula et son mari a \u00e9t\u00e9 mont\u00e9e \u00e0 partir d&rsquo;une ancienne serre \u00e0 concombres. Cette partie de la Cr\u00e8te est recouverte d&rsquo;\u00e9normes serres en plastique dans lesquelles poussent des milliers de tomates, concombres, et bananes. Le paysage en est d\u00e9figur\u00e9 depuis plus de soixante ans. Les grands rectangles blancs se d\u00e9coupent dans les vall\u00e9es, les bords de mer et m\u00eame \u00e0 flanc de montagne. Le seul avantage sur le tourisme c&rsquo;est que cette industrie est authentique et permet \u00e0 des Cr\u00e9tois de gagner leur vie dans cette r\u00e9gion, sans s&rsquo;appuyer sur les visites \u00e9trang\u00e8res. Cependant, depuis quelque temps, les Grecs ont \u00e9t\u00e9 remplac\u00e9s par des Albanais et m\u00eame des Afghans qui travaillent dans ses serres pour une bouch\u00e9e de pain.<\/p>\n<p align=\"JUSTIFY\">La pluie ayant repris de plus belle pendant que nous \u00e9tions l\u00e0 et leur ayant expliqu\u00e9 que nous campions, ils nous ont propos\u00e9 la pi\u00e8ce d&rsquo;\u00e0 c\u00f4t\u00e9, qui leur sert de lieu de stockage pour les cong\u00e9lateurs et les marchandises, mais aussi de lieu de sieste pour se reposer l&rsquo;apr\u00e8s-midi. Ils ont eu du mal \u00e0 comprendre ce que nous faisions l\u00e0. Sans travail, sans maison, en v\u00e9lo avec des enfants. Elle a demand\u00e9 si tout allait bien, si nous avions des probl\u00e8mes, si nous avions besoin d&rsquo;argent. Sandrine leur a r\u00e9pondu que nous ne manquions de rien et que nous n&rsquo;\u00e9tions pas dans la mis\u00e8re.<\/p>\n<p align=\"JUSTIFY\">Apr\u00e8s une douche dans une petite bassine de 10l, nous avons repris la route le lendemain sous un soleil \u00e9clatant. En prenant un peu d&rsquo;altitude, Sandrine me fit remarquer que la lumi\u00e8re \u00e9tait tr\u00e8s belle. Le ciel \u00e9tait tr\u00e8s noir et orageux au loin.<\/p>\n<p align=\"JUSTIFY\">Seulement voil\u00e0, le vent du sud nous a rapidement apport\u00e9 ces nuages mena\u00e7ants. \u00c7a n&rsquo;a pas loup\u00e9, la premi\u00e8re averse est tomb\u00e9e vers 13h et la pluie nous a accompagn\u00e9s pour le reste de la journ\u00e9e. Rebelote, retour \u00e0 nos combinaisons de plong\u00e9e.<\/p>\n<p align=\"JUSTIFY\">En fin d&rsquo;apr\u00e8s-midi, Sandrine a remarqu\u00e9 une entr\u00e9e de maison, ouverte sur le devant et totalement recouverte. Cela ressemblait \u00e0 une entr\u00e9e de garage, mais avec un joli sol en carrelage et des murs fra\u00eechement peints. Lumineux, propre et prot\u00e9g\u00e9, cela nous semblait parfait. Nous nous sommes arr\u00eat\u00e9s et Sandrine est partie \u00e0 la recherche des propri\u00e9taires pour s&rsquo;enqu\u00e9rir de la possibilit\u00e9 d&rsquo;y installer la tente. Elle est tomb\u00e9e sur un couple de vieux qui habitaient juste au-dessus. Ils nous ont invit\u00e9s \u00e0 venir nous r\u00e9fugier dans leur salle \u00e0 manger et nous ont offert raki et fruits secs le temps pour nos v\u00eatements de s\u00e9cher au bord du po\u00eale \u00e0 bois.<\/p>\n<p align=\"JUSTIFY\">Ils nous ont ensuite propos\u00e9 de nous installer non pas dans le garage, mais sur la terrasse de la maison que nous avions rep\u00e9r\u00e9e. Nous n&rsquo;avons jamais compris si cette maison leur appartenait, mais nous \u00e9tions tr\u00e8s satisfaits et n&rsquo;avons pas pos\u00e9 plus de questions. Nous avons install\u00e9 nos petites affaires au sec et mang\u00e9 sur la terrasse, avec les derni\u00e8res lueurs du jour.<\/p>\n<p align=\"JUSTIFY\">Le jeudi matin, nous avons repris la route jusqu&rsquo;\u00e0 Tsoutsouros et d\u00e9cid\u00e9 de manger avant d&rsquo;attaquer une belle ascension. Nous n&rsquo;avions plus le choix, la piste- route longeant le bord de mer s&rsquo;arr\u00eatait l\u00e0, nous devions rejoindre la route principale pour passer les montagnes. C&rsquo;est alors que nous avons recrois\u00e9 Alain qui nous cherchait depuis un moment d\u00e9j\u00e0. Il nous a dit qu&rsquo;il avait bien r\u00e9fl\u00e9chi et que ce serait quand m\u00eame dommage qu&rsquo;on se fasse chier \u00e0 monter tout \u00e7a. Il nous a propos\u00e9 de mettre les v\u00e9los et la remorque dans son camion et de nous d\u00e9poser \u00e0 Pirgos une fois les montagnes travers\u00e9es.<\/p>\n<p align=\"JUSTIFY\">Nous avons accept\u00e9 avec joie et avons profit\u00e9 du reste de l&rsquo;apr\u00e8s-midi pour nous balader avec lui dans les montagnes avoisinantes. Une belle petite randonn\u00e9e d&rsquo;une heure et demie.<\/p>\n<p align=\"JUSTIFY\">Le lendemain matin, nous avons charg\u00e9 nos affaires dans la camionnette et pris la route de montagne en camion. Alain nous a laiss\u00e9s comme promis peu apr\u00e8s Pirgos et nous nous sommes s\u00e9par\u00e9s en nous donnant rendez-vous \u00e0 Matala d&rsquo;ici quelques jours.<\/p>\n<p align=\"JUSTIFY\">Matala. Ce nom \u00e9voque beaucoup de choses pour certains, nous n&rsquo;en avions jamais entendu parler avant de mettre les pieds en Cr\u00e8te. Pour ceux qui ne connaissent pas la petite histoire, Matala \u00e9tait une halte incontournable pour ceux qui faisaient route vers le N\u00e9pal et Katmandou dans les ann\u00e9es 60. Nous ne savions pas trop \u00e0 quoi nous attendre avant d&rsquo;arriver l\u00e0-bas. Nous nous sommes dit qu&rsquo;on allait y jeter un \u0153il pour voir comment c&rsquo;\u00e9tait, nous y resterons 5 jours finalement.<\/p>\n<p align=\"JUSTIFY\"><b>Matala<\/b><\/p>\n<p align=\"JUSTIFY\">Nous n&rsquo;avons pas connu Matala en \u00e9t\u00e9 et c&rsquo;est peut-\u00eatre pour cela que nous avons appr\u00e9ci\u00e9 le lieu. Le site en lui-m\u00eame est magnifique. Deux hautes falaises surplombent une belle plage de sable fin. L&rsquo;une des deux falaises est creus\u00e9e de grottes, en partie naturelles.<span style=\"font-family: 'times new roman', times;\"><span style=\"font-size: medium;\"> Au n\u00e9olithique elle<\/span><\/span><span style=\"font-family: 'times new roman', times;\"><span style=\"font-size: medium;\">s<\/span><\/span><span style=\"font-family: 'times new roman', times;\"><span style=\"font-size: medium;\">\u00e9taient<\/span><\/span><span style=\"font-family: 'times new roman', times;\"><span style=\"font-size: medium;\">habit\u00e9e<\/span><\/span><span style=\"font-family: 'times new roman', times;\"><span style=\"font-size: medium;\">s. <\/span><\/span><span style=\"font-family: 'times new roman', times;\"><span style=\"font-size: medium;\">\u00c0<\/span><\/span><span style=\"font-family: 'times new roman', times;\"><span style=\"font-size: medium;\"> l&rsquo;\u00e9poque romaine, les grottes servirent de tombeaux <\/span><\/span><span style=\"font-family: 'times new roman', times;\"><span style=\"font-size: medium;\">et les hippies de passage n&rsquo;on<\/span><\/span><span style=\"font-family: 'times new roman', times;\"><span style=\"font-size: medium;\">t<\/span><\/span><span style=\"font-family: 'times new roman', times;\"><span style=\"font-size: medium;\"> fait que r\u00e9habiliter ces habitats troglodytes. E<\/span><\/span><span style=\"font-family: 'times new roman', times;\"><span style=\"font-size: medium;\">lles offrent <\/span><\/span><span style=\"font-family: 'times new roman', times;\"><span style=\"font-size: medium;\">finalement <\/span><\/span><span style=\"font-family: 'times new roman', times;\"><span style=\"font-size: medium;\">une temp\u00e9rature cl\u00e9mente toute l&rsquo;ann\u00e9e, prot\u00e8gent de la pluie et du vent, <\/span><\/span><span style=\"font-family: 'times new roman', times;\"><span style=\"font-size: medium;\">que demander de plus.<\/span><\/span><\/p>\n<p align=\"JUSTIFY\"><span style=\"font-family: 'times new roman', times;\"><span style=\"font-size: medium;\">Apparemment, Matala acquit une telle notori\u00e9t\u00e9 \u00e0 la fin des ann\u00e9es 60. qu<\/span><\/span><span style=\"font-family: 'times new roman', times;\"><span style=\"font-size: medium;\">and <\/span><\/span><span style=\"font-family: 'times new roman', times;\"><span style=\"font-size: medium;\">l&rsquo;ensemble des grottes \u00e9tait occup\u00e9, de nouvelles furent creus\u00e9es pour abriter les nouveaux arrivants. Rapidement, des probl\u00e8mes d&rsquo;hygi\u00e8ne, de drogue ont conduit l<\/span><\/span><span style=\"font-family: 'times new roman', times;\"><span style=\"font-size: medium;\">es autorit\u00e9s <\/span><\/span><span style=\"font-family: 'times new roman', times;\"><span style=\"font-size: medium;\">\u00e0 <\/span><\/span><span style=\"font-family: 'times new roman', times;\"><span style=\"font-size: medium;\">\u00e9vacuer les squatteurs et <\/span><\/span><span style=\"font-family: 'times new roman', times;\"><span style=\"font-size: medium;\">\u00e0<\/span><\/span><span style=\"font-family: 'times new roman', times;\"><span style=\"font-size: medium;\"> classer les grottes en site arch\u00e9ologique. <\/span><\/span><span style=\"font-family: 'times new roman', times;\"><span style=\"font-size: medium;\">L&rsquo;<\/span><\/span><span style=\"font-family: 'times new roman', times;\"><span style=\"font-size: medium;\">une des grottes <\/span><\/span><span style=\"font-family: 'times new roman', times;\"><span style=\"font-size: medium;\">est aujourd&rsquo;hui<\/span><\/span><span style=\"font-family: 'times new roman', times;\"><span style=\"font-size: medium;\"> mur\u00e9e. <\/span><\/span><span style=\"font-family: 'times new roman', times;\"><span style=\"font-size: medium;\">On<\/span><\/span><span style=\"font-family: 'times new roman', times;\"><span style=\"font-size: medium;\"> raconte qu&rsquo;elle se serait effondr\u00e9e provoquant la mort d&rsquo;une jeune Allemande. Difficile de faire la part du vrai et du faux dans les histoires que nous avons entendu sur Matala pendant ces quelques jours. Toujours est-il qu&rsquo;une faune particuli\u00e8re continue \u00e0 animer le lieu et nous avons eu droit \u00e0 <\/span><\/span><span style=\"font-family: 'times new roman', times;\"><span style=\"font-size: medium;\">toute une galerie de portraits atypiques.<\/span><\/span><\/p>\n<p align=\"JUSTIFY\"><span style=\"font-family: 'times new roman', times;\"><span style=\"font-size: medium;\">Nous avons rencontr\u00e9 4 personnes qui vivent encore dans les grottes aux alentours. Patrick, install\u00e9 dans l&rsquo;une d&rsquo;elles depuis 6 ans, <\/span><\/span><span style=\"font-family: 'times new roman', times;\"><span style=\"font-size: medium;\">avec qui nous avons longuement \u00e9chang\u00e9. <\/span><\/span><span style=\"font-family: 'times new roman', times;\"><span style=\"font-size: medium;\">Christophe, un autre fran\u00e7ais venu passer l&rsquo;hiver ici, un Tch\u00e8que et un musicien allemand en qu\u00eate de s\u00e9r\u00e9nit\u00e9 <\/span><\/span><span style=\"font-family: 'times new roman', times;\"><span style=\"font-size: medium;\">y habitent \u00e9galement<\/span><\/span><span style=\"font-family: 'times new roman', times;\"><span style=\"font-size: medium;\">. Ce sont un peu les <\/span><\/span><span style=\"font-family: 'times new roman', times;\"><span style=\"font-size: medium;\">ic\u00f4nes<\/span><\/span><span style=\"font-family: 'times new roman', times;\"><span style=\"font-size: medium;\"> de Matala et ils contribuent \u00e0 entretenir le mythe. Quasi SDF<\/span><\/span><span style=\"font-family: 'times new roman', times;\"><span style=\"font-size: medium;\">s<\/span><\/span><span style=\"font-family: 'times new roman', times;\"><span style=\"font-size: medium;\">, ils survivent de petits boulots, <\/span><\/span><span style=\"font-family: 'times new roman', times;\"><span style=\"font-size: medium;\">les olives, la transhumance, des petits coups de main<\/span><\/span><span style=\"font-family: 'times new roman', times;\"><span style=\"font-size: medium;\">\u00e0 droite \u00e0 gauche et profitent du passage continuel de touristes pour se faire payer \u00e0 boire ou \u00e0 manger. <\/span><\/span><\/p>\n<p align=\"JUSTIFY\"><span style=\"font-family: 'times new roman', times;\"><span style=\"font-size: medium;\">Des personnages singuliers. Patrick, poli avec les touristes, rejette la soci\u00e9t\u00e9 et <\/span><\/span><span style=\"font-family: 'times new roman', times;\"><span style=\"font-size: medium;\">traite<\/span><\/span><span style=\"font-family: 'times new roman', times;\"><span style=\"font-size: medium;\"> ses <\/span><\/span><span style=\"font-family: 'times new roman', times;\"><span style=\"font-size: medium;\">cong\u00e9n\u00e8res<\/span><\/span><span style=\"font-family: 'times new roman', times;\"><span style=\"font-size: medium;\"> de squatteurs. Ivan, le tch\u00e8que, passe sa journ\u00e9e au bar et <\/span><\/span><span style=\"font-family: 'times new roman', times;\"><span style=\"font-size: medium;\">ressemble \u00e0 s\u2019y m\u00e9prendre \u00e0 Peter Orlovsky. Quand un client s&rsquo;installe, il entame la conversation \u00e9tant \u00e0 peu pr\u00e8s s\u00fbr de s&rsquo;en sortir avec un verre gratuit.<\/span><\/span><\/p>\n<p align=\"JUSTIFY\"><span style=\"font-family: 'times new roman', times;\"><span style=\"font-size: medium;\">Pendant notre court s\u00e9jour, nous avons crois\u00e9 une petite dizaine de camping-cars o\u00f9 de camions am\u00e9nag\u00e9s qui s&rsquo;installent ici pour une nuit, quelques jours ou semaines. De belles rencontres qui nous font nous rendre compte que nous ne sommes pas les seuls sur la <\/span><\/span><span style=\"font-family: 'times new roman', times;\"><span style=\"font-size: medium;\">route.<\/span><\/span><span style=\"font-family: 'times new roman', times;\"><span style=\"font-size: medium;\">La derni\u00e8re fois que nous en avions crois\u00e9 autant <\/span><\/span><span style=\"font-family: 'times new roman', times;\"><span style=\"font-size: medium;\">de voyageurs<\/span><\/span><span style=\"font-family: 'times new roman', times;\"><span style=\"font-size: medium;\">, <\/span><\/span><span style=\"font-family: 'times new roman', times;\"><span style=\"font-size: medium;\">nous \u00e9tions<\/span><\/span><span style=\"font-family: 'times new roman', times;\"><span style=\"font-size: medium;\"> \u00e0 Auschwitz, mais <\/span><\/span><span style=\"font-family: 'times new roman', times;\"><span style=\"font-size: medium;\">l&rsquo;ambiance n&rsquo;\u00e9tait pas tout \u00e0 fait la m\u00eame.<\/span><\/span><\/p>\n<p align=\"JUSTIFY\"><span style=\"font-family: 'times new roman', times;\"><span style=\"font-size: medium;\">Nous avons quitt\u00e9 Matala jeudi pour nous rendre \u00e0 Iraklion, en camion. Alain nous a encore une fois propos\u00e9 de nous y emmener. Nous attendons sagement l&rsquo;arriv\u00e9e de nos amis pour d\u00e9couvrir l&rsquo;ouest de l&rsquo;\u00eele.<\/span><\/span><\/p>\n","protected":false},"excerpt":{"rendered":"<p>Forc\u00e9ment, quand on ne prend pas le temps de mettre \u00e0 jour ses notes de voyage de fa\u00e7on r\u00e9guli\u00e8re, on se retrouve \u00e0 devoir raconter tout un tas de p\u00e9rip\u00e9ties qui jalonnent la vie bien remplie d&rsquo;un aventurier. J&rsquo;avais donc commenc\u00e9 par \u00e9crire un texte qui aurait bien fini par atteindre une dizaine de pages [&hellip;]<\/p>\n","protected":false},"author":1,"featured_media":1316,"comment_status":"open","ping_status":"open","sticky":false,"template":"","format":"standard","meta":{"footnotes":""},"categories":[4],"tags":[13],"class_list":["post-1280","post","type-post","status-publish","format-standard","has-post-thumbnail","hentry","category-carnets-de-route","tag-grece"],"_links":{"self":[{"href":"https:\/\/www.lepennec.org\/partons\/wp-json\/wp\/v2\/posts\/1280","targetHints":{"allow":["GET"]}}],"collection":[{"href":"https:\/\/www.lepennec.org\/partons\/wp-json\/wp\/v2\/posts"}],"about":[{"href":"https:\/\/www.lepennec.org\/partons\/wp-json\/wp\/v2\/types\/post"}],"author":[{"embeddable":true,"href":"https:\/\/www.lepennec.org\/partons\/wp-json\/wp\/v2\/users\/1"}],"replies":[{"embeddable":true,"href":"https:\/\/www.lepennec.org\/partons\/wp-json\/wp\/v2\/comments?post=1280"}],"version-history":[{"count":4,"href":"https:\/\/www.lepennec.org\/partons\/wp-json\/wp\/v2\/posts\/1280\/revisions"}],"predecessor-version":[{"id":1331,"href":"https:\/\/www.lepennec.org\/partons\/wp-json\/wp\/v2\/posts\/1280\/revisions\/1331"}],"wp:featuredmedia":[{"embeddable":true,"href":"https:\/\/www.lepennec.org\/partons\/wp-json\/wp\/v2\/media\/1316"}],"wp:attachment":[{"href":"https:\/\/www.lepennec.org\/partons\/wp-json\/wp\/v2\/media?parent=1280"}],"wp:term":[{"taxonomy":"category","embeddable":true,"href":"https:\/\/www.lepennec.org\/partons\/wp-json\/wp\/v2\/categories?post=1280"},{"taxonomy":"post_tag","embeddable":true,"href":"https:\/\/www.lepennec.org\/partons\/wp-json\/wp\/v2\/tags?post=1280"}],"curies":[{"name":"wp","href":"https:\/\/api.w.org\/{rel}","templated":true}]}}