{"id":1673,"date":"2014-04-23T14:54:45","date_gmt":"2014-04-23T12:54:45","guid":{"rendered":"http:\/\/www.lepennec.org\/partons\/?p=1673"},"modified":"2014-04-23T14:54:45","modified_gmt":"2014-04-23T12:54:45","slug":"un-an-deja","status":"publish","type":"post","link":"https:\/\/www.lepennec.org\/partons\/un-an-deja\/","title":{"rendered":"Un an d\u00e9j\u00e0 !"},"content":{"rendered":"<p>Nous ne savions pas combien de temps nous partions. J&rsquo;esp\u00e9rais au moins un an. \u00a0Nous y voil\u00e0 d\u00e9j\u00e0\u00a0! Le temps s&rsquo;est \u00e9tir\u00e9 doucement pour nous offrir une ann\u00e9e aux multiples visages. Les difficult\u00e9s des premiers mois, parsem\u00e9s de stress et d&rsquo;inconfort climatique se sont doucement dissip\u00e9es pour nous offrir non plus quelques belles \u00e9claircies mais un soleil radieux avec quelques passages nuageux. Le voyage s&rsquo;est transform\u00e9. Nous aussi.<\/p>\n<p>Le retour est tout pr\u00e8s. Les bilans se pr\u00e9parent. Mais nous voulions vous envoyer un petit baiser d&rsquo;ici, pour vous dire \u00e0 quel point votre pr\u00e9sence, en vrai ou en m\u00e9moire, vos messages et votre support nous ont tenu au chaud.<\/p>\n<p>On vous aime et on a h\u00e2te de vous voir. Tous\u00a0!<\/p>\n<p>\u266b Gens du pays, c&rsquo;est notre tour, de vous laisser parler d&rsquo;amour&#8230; <span style=\"font-family: 'Times New Roman', serif;\">\u266a<\/span><\/p>\n<p>&nbsp;<\/p>\n<p>p.s. Voici le lien d&rsquo;une chanson de Philippe Katerine qui nous accompagne quotidiennement. Merci \u00e0 Erwan pour ce partage. Depuis on chante \u00ab\u00a0&#8230;des bisous&#8230; des bisous&#8230; des bisous\u00a0\u00bb toute la journ\u00e9e ! :\u00a0<a title=\"Katerine - Des bisous\" href=\"http:\/\/youtu.be\/x6QeFGIva7w\" target=\"_blank\">Katerine &#8211; des bisous<\/a><\/p>\n<p>&nbsp;<\/p>\n","protected":false},"excerpt":{"rendered":"<p>Nous ne savions pas combien de temps nous partions. J&rsquo;esp\u00e9rais au moins un an. \u00a0Nous y voil\u00e0 d\u00e9j\u00e0\u00a0! Le temps s&rsquo;est \u00e9tir\u00e9 doucement pour nous offrir une ann\u00e9e aux multiples visages. Les difficult\u00e9s des premiers mois, parsem\u00e9s de stress et d&rsquo;inconfort climatique se sont doucement dissip\u00e9es pour nous offrir non plus quelques belles \u00e9claircies mais [&hellip;]<\/p>\n","protected":false},"author":1,"featured_media":1676,"comment_status":"open","ping_status":"open","sticky":false,"template":"","format":"standard","meta":{"footnotes":""},"categories":[4],"tags":[],"class_list":["post-1673","post","type-post","status-publish","format-standard","has-post-thumbnail","hentry","category-carnets-de-route"],"_links":{"self":[{"href":"https:\/\/www.lepennec.org\/partons\/wp-json\/wp\/v2\/posts\/1673","targetHints":{"allow":["GET"]}}],"collection":[{"href":"https:\/\/www.lepennec.org\/partons\/wp-json\/wp\/v2\/posts"}],"about":[{"href":"https:\/\/www.lepennec.org\/partons\/wp-json\/wp\/v2\/types\/post"}],"author":[{"embeddable":true,"href":"https:\/\/www.lepennec.org\/partons\/wp-json\/wp\/v2\/users\/1"}],"replies":[{"embeddable":true,"href":"https:\/\/www.lepennec.org\/partons\/wp-json\/wp\/v2\/comments?post=1673"}],"version-history":[{"count":12,"href":"https:\/\/www.lepennec.org\/partons\/wp-json\/wp\/v2\/posts\/1673\/revisions"}],"predecessor-version":[{"id":1700,"href":"https:\/\/www.lepennec.org\/partons\/wp-json\/wp\/v2\/posts\/1673\/revisions\/1700"}],"wp:featuredmedia":[{"embeddable":true,"href":"https:\/\/www.lepennec.org\/partons\/wp-json\/wp\/v2\/media\/1676"}],"wp:attachment":[{"href":"https:\/\/www.lepennec.org\/partons\/wp-json\/wp\/v2\/media?parent=1673"}],"wp:term":[{"taxonomy":"category","embeddable":true,"href":"https:\/\/www.lepennec.org\/partons\/wp-json\/wp\/v2\/categories?post=1673"},{"taxonomy":"post_tag","embeddable":true,"href":"https:\/\/www.lepennec.org\/partons\/wp-json\/wp\/v2\/tags?post=1673"}],"curies":[{"name":"wp","href":"https:\/\/api.w.org\/{rel}","templated":true}]}}