{"id":1740,"date":"2014-05-08T20:05:14","date_gmt":"2014-05-08T18:05:14","guid":{"rendered":"http:\/\/www.lepennec.org\/partons\/?p=1740"},"modified":"2014-05-08T20:05:14","modified_gmt":"2014-05-08T18:05:14","slug":"au-revoir-albanie","status":"publish","type":"post","link":"https:\/\/www.lepennec.org\/partons\/au-revoir-albanie\/","title":{"rendered":"Au revoir Albanie !"},"content":{"rendered":"<p align=\"justify\">Nous sommes \u00e0 Ljubljana depuis mercredi dernier. La capitale de la Slov\u00e9nie nous a \u00e9blouies, tout comme Trieste o\u00f9 nous sommes descendus de bateau mardi matin. Nous pensions qu&rsquo;un mois en Albanie nous avait fait oublier \u00e0 quoi ressemblait une \u00ab\u00a0vraie\u00a0\u00bb belle ville\u00a0: propre, aux b\u00e2timents parfaitement restaur\u00e9s, avec de jolies places orn\u00e9es de fontaines, de larges rues pi\u00e9tonnes, des touristes d\u00e9ambulant appareil photo au cou et une apparente richesse \u00e0 faire pleurer d&rsquo;envie plusieurs pays&#8230; europ\u00e9ens. Ce n&rsquo;est finalement pas le contraste avec l&rsquo;Albanie, ni avec la Gr\u00e8ce, qui nous a frapp\u00e9s, mais bel et bien avec tous les pays que nous avons travers\u00e9s depuis l&rsquo;Allemagne (et Prague). Sans nous en rendre compte, notre standard de propret\u00e9, beaut\u00e9 et richesse s&rsquo;est d\u00e9cal\u00e9 depuis un an. Au point o\u00f9 nous avions trouv\u00e9 Tirana, la capitale albanaise o\u00f9 nous avons pass\u00e9 quelques jours, beaucoup plus jolie et agr\u00e9able qu&rsquo;esp\u00e9r\u00e9e. Les guides touristiques la d\u00e9crivent comme int\u00e9ressante et color\u00e9e, mais pas tr\u00e8s belle. Nous l&rsquo;avons trouv\u00e9e verte, riche et propre. En comparaison avec Ljubljana, elle nous para\u00eet maintenant extr\u00eamement pauvre, peu entretenue, et sans v\u00e9ritable centre historique. Elle nous aura pourtant marqu\u00e9s, profond\u00e9ment, comme tout le reste du pays.<\/p>\n<p align=\"justify\"><strong>Au revoir Albanie\u00a0!<\/strong><\/p>\n<p align=\"justify\">Il y a quelques semaines, Ronan me posait la question \u00ab c&rsquo;est quoi ton classement pays\u00a0?\u00a0\u00bb. Je n&rsquo;y avais pas vraiment r\u00e9fl\u00e9chi, mais la r\u00e9ponse est apparue assez vite. L&rsquo;Albanie s&rsquo;est class\u00e9e dans le top 3, et \u00e0 finalement obtenu ma premi\u00e8re position. Ce n&rsquo;est pourtant pas le pays dans lequel nous avons fait le plus de rencontres, ou vu les plus beaux paysages, mais c&rsquo;est celui qui m&rsquo;a procur\u00e9 le plus d&rsquo;\u00e9nergie et d&rsquo;\u00e9motion photographique. J&rsquo;ai eu envie de faire ce que je n&rsquo;ai pas r\u00e9ussi \u00e0 faire de tout le voyage\u00a0: prendre du temps exclusivement d\u00e9di\u00e9 \u00e0 la photo et aller vers les gens. Je n&rsquo;ai bien s\u00fbr pas fait le dixi\u00e8me de ce que j&rsquo;aurais aim\u00e9 faire, mais j&rsquo;ai eu envie d&rsquo;en faire encore plus, j&rsquo;ai eu le regret de ne pas l&rsquo;avoir fait avant et la certitude que je devais y revenir pour approfondir le sujet. L&rsquo;Albanie m&rsquo;a donn\u00e9 l&rsquo;impression d&rsquo;avoir touch\u00e9 \u00e0 quelque chose de rare et de pr\u00e9cieux. Cette exclusivit\u00e9 m&rsquo;a stimul\u00e9. Arriver dans un pays lorsqu&rsquo;on vous dit qu&rsquo;il ne faut pas y aller, qu&rsquo;on va vous voler et vous tirer dessus est \u00e0 la fois effrayant et excitant. L&rsquo;excitation est largement r\u00e9compens\u00e9e lorsqu&rsquo;on d\u00e9couvre un peuple accueillant et ouvert, d\u00e9sireux de partager son histoire, des villes authentiques, brutes, sans le lustr\u00e9 du vernis touristique.<\/p>\n<p align=\"justify\">Dans la ville de Ballsh, un homme d&rsquo;une cinquantaine d&rsquo;ann\u00e9es est venu vers moi lorsque je me baladais seule. Il m&rsquo;a racont\u00e9 les difficult\u00e9s de son pays et la d\u00e9tresse dans laquelle il se trouvait\u00a0: ing\u00e9nieur de formation, sans emploi, vivant seul avec sa fille. \u00ab\u00a0Ce n&rsquo;est pas normal que des gens comme moi, \u00e9duqu\u00e9s, ne trouvent pas de travail et se retrouvent dans la d\u00e9tresse alors que ce sont les autres, corrompus, qui se remplissent les poches\u00a0\u00bb. Apr\u00e8s avoir discut\u00e9 un moment, il m&rsquo;a demand\u00e9 \u00ab\u00a0allez-vous recommander l&rsquo;Albanie \u00e0 vos amis\u00a0?\u00a0\u00bb \u00ab\u00a0Oui, oui, bien s\u00fbr\u00a0\u00bb. Comment ne pas recommander un pays europ\u00e9en qui nous donne l&rsquo;impression d&rsquo;\u00eatre tr\u00e8s tr\u00e8s loin de chez soi, o\u00f9 les gens sont encore curieux de l&rsquo;\u00e9tranger et o\u00f9 le caf\u00e9 co\u00fbte 0,35 euro\u00a0!<\/p>\n<p align=\"justify\">En avan\u00e7ant vers le bateau qui allait nous bercer durant 40 heures jusqu&rsquo;\u00e0 Trieste en Italie, j&rsquo;ai senti l&rsquo;\u00e9motion mont\u00e9e. J&rsquo;ai esp\u00e9r\u00e9 tr\u00e8s fort revoir ce pays bient\u00f4t. Le quitter repr\u00e9sentait \u00e0 la fois la fin de cette pr\u00e9cieuse d\u00e9couverte et celle de notre v\u00e9ritable voyage. La suite est une confortable pr\u00e9paration au retour, agr\u00e9ment\u00e9e de belles retrouvailles.<\/p>\n<p align=\"justify\"><strong>Le retour<\/strong><\/p>\n<p align=\"justify\">Nous sommes d\u00e9j\u00e0 un peu rentr\u00e9s. Physiquement et mentalement. L&rsquo;envie de nous retrouver dans un int\u00e9rieur confortable, \u00e0 faire des petits trucs quotidiens, aussi banal que de pr\u00e9parer \u00e0 manger sur une gazini\u00e8re, lancer une machine \u00e0 laver, changer de v\u00eatements tous les jours et dormir dans un vrai lit avec de vrais oreillers est maintenant plus forte que celle d&rsquo;\u00eatre \u00e0 l&rsquo;ext\u00e9rieur \u00e0 d\u00e9couvrir le monde.<\/p>\n<p align=\"justify\">Nous avons \u00e9galement envie de pr\u00e9parer la suite. Nos disques durs mentaux sont remplis de beaucoup d&rsquo;\u00e9motions, beaucoup d&rsquo;images et de souvenirs. Nous avons maintenant besoin de retrouver un espace n\u00e9cessaire \u00e0 chacun de nos projets, de faire du m\u00e9nage dans tout cela. Une d\u00e9fragmentation s&rsquo;impose. Et chacun sait que ce processus peut \u00eatre long.<\/p>\n<p align=\"justify\">Avant de partir, nous savions que nous allions revenir \u00e0 Nevers, au moins quelques mois, puisque toutes nos affaires sont entrepos\u00e9es dans l&rsquo;appartement en r\u00e9novation juste en dessous de notre ancien logement. Quelle ne fut pas notre surprise il y a quelques jours lorsqu&rsquo;en jetant un coup d&rsquo;oeil aux logements \u00e0 louer \u00e0 Nevers nous avons constat\u00e9 que le \u00ab\u00a0notre\u00a0\u00bb \u00e9tait encore disponible. Nous avons directement t\u00e9l\u00e9phon\u00e9 \u00e0 notre ancienne propri\u00e9taire. Elle serait ravie de nous ravoir comme locataires. Cette reprise nous facilitera \u00e9norm\u00e9ment la vie pour nous r\u00e9installer rapidement, de mani\u00e8re provisoire ou pas, sans r\u00e9el d\u00e9m\u00e9nagement et sans passer par une agence ou des propri\u00e9taires inquiets qui ne nous connaissent pas\u00a0: \u00ab\u00a0vous avez un travail\u00a0?\u00a0\u00bb \u00ab\u00a0Euh, non\u00a0!\u00a0\u00bb, \u00ab\u00a0un contrat\u00a0?\u00a0\u00bb, \u00ab\u00a0euh, non plus\u00a0!\u00a0\u00bb, \u00ab\u00a0du ch\u00f4mage&#8230;\u00a0?\u00a0\u00bb, \u00ab\u00a0on ne sait pas trop encore&#8230;\u00a0\u00bb. M\u00eame si Nevers est le paradis des appartements vacants, il reste qu&rsquo;une famille sans situation professionnelle est difficile \u00e0 faire avaler sans que \u00e7a coince un peu.<\/p>\n<p align=\"justify\">Pour l&rsquo;instant, je tr\u00e9pigne d&rsquo;impatience de voir ma s\u0153ur et son compagnon arriver. Ce soir, nous allons faire connaissance pour la premi\u00e8re fois avec leur fils Ilan, n\u00e9 le 31 ao\u00fbt dernier, jour de notre anniversaire (\u00e0 No\u00e9mie et moi). C&rsquo;est-y pas beau !<\/p>\n<p align=\"justify\">Les dix prochains jours sont d\u00e9di\u00e9s \u00e0 ces belles retrouvailles.<\/p>\n<p align=\"justify\">\n<p align=\"justify\">Sandrine<\/p>\n","protected":false},"excerpt":{"rendered":"<p>Nous sommes \u00e0 Ljubljana depuis mercredi dernier. La capitale de la Slov\u00e9nie nous a \u00e9blouies, tout comme Trieste o\u00f9 nous sommes descendus de bateau mardi matin. Nous pensions qu&rsquo;un mois en Albanie nous avait fait oublier \u00e0 quoi ressemblait une \u00ab\u00a0vraie\u00a0\u00bb belle ville\u00a0: propre, aux b\u00e2timents parfaitement restaur\u00e9s, avec de jolies places orn\u00e9es de fontaines, [&hellip;]<\/p>\n","protected":false},"author":1,"featured_media":1711,"comment_status":"open","ping_status":"open","sticky":false,"template":"","format":"standard","meta":{"footnotes":""},"categories":[4],"tags":[],"class_list":["post-1740","post","type-post","status-publish","format-standard","has-post-thumbnail","hentry","category-carnets-de-route"],"_links":{"self":[{"href":"https:\/\/www.lepennec.org\/partons\/wp-json\/wp\/v2\/posts\/1740","targetHints":{"allow":["GET"]}}],"collection":[{"href":"https:\/\/www.lepennec.org\/partons\/wp-json\/wp\/v2\/posts"}],"about":[{"href":"https:\/\/www.lepennec.org\/partons\/wp-json\/wp\/v2\/types\/post"}],"author":[{"embeddable":true,"href":"https:\/\/www.lepennec.org\/partons\/wp-json\/wp\/v2\/users\/1"}],"replies":[{"embeddable":true,"href":"https:\/\/www.lepennec.org\/partons\/wp-json\/wp\/v2\/comments?post=1740"}],"version-history":[{"count":2,"href":"https:\/\/www.lepennec.org\/partons\/wp-json\/wp\/v2\/posts\/1740\/revisions"}],"predecessor-version":[{"id":1750,"href":"https:\/\/www.lepennec.org\/partons\/wp-json\/wp\/v2\/posts\/1740\/revisions\/1750"}],"wp:featuredmedia":[{"embeddable":true,"href":"https:\/\/www.lepennec.org\/partons\/wp-json\/wp\/v2\/media\/1711"}],"wp:attachment":[{"href":"https:\/\/www.lepennec.org\/partons\/wp-json\/wp\/v2\/media?parent=1740"}],"wp:term":[{"taxonomy":"category","embeddable":true,"href":"https:\/\/www.lepennec.org\/partons\/wp-json\/wp\/v2\/categories?post=1740"},{"taxonomy":"post_tag","embeddable":true,"href":"https:\/\/www.lepennec.org\/partons\/wp-json\/wp\/v2\/tags?post=1740"}],"curies":[{"name":"wp","href":"https:\/\/api.w.org\/{rel}","templated":true}]}}