{"id":1800,"date":"2014-06-06T17:55:53","date_gmt":"2014-06-06T15:55:53","guid":{"rendered":"http:\/\/www.lepennec.org\/partons\/?p=1800"},"modified":"2014-06-06T17:55:53","modified_gmt":"2014-06-06T15:55:53","slug":"terre-patrie","status":"publish","type":"post","link":"https:\/\/www.lepennec.org\/partons\/terre-patrie\/","title":{"rendered":"Terre Patrie"},"content":{"rendered":"<p>Nous n&rsquo;\u00e9crivons plus mais nous allons bien.<\/p>\n<p>Notre d\u00e9part d&rsquo;Albanie a, pour ma part, sonn\u00e9 d&rsquo;une certaine mani\u00e8re la fin de notre voyage. Du coup, je n&rsquo;ai pas voulu \u00e9crire sur notre passage \u00e0 Ljubljana qui n&rsquo;\u00e9tait \u00e0 mon sens qu&rsquo;une pause familiale et sur notre retour programm\u00e9 en train.<\/p>\n<p>Pour les plus curieux, voici un bref r\u00e9sum\u00e9 de ce que nous avons fait depuis un mois.<\/p>\n<p>Nous sommes partis de Ljubljana le 21 mai en bus pour rejoindre Trieste puis, pris un premier train pour Venise (visite express en 30 min) et un autre pour rallier Bologne o\u00f9 nous avons pass\u00e9 la nuit chez un h\u00f4te warmshower.<\/p>\n<p>Le lendemain, ce fut un train pour Piacenza et un autre pour Voghera et vingt kilom\u00e8tres dans la campagne pour rejoindre une autre maison d&rsquo;accueil o\u00f9 nous attendaient Carla et Luigi. Finalement, nous sommes rest\u00e9s l\u00e0 trois jours. Une f\u00eate de village \u00e9tait pr\u00e9vue le samedi et nos h\u00f4tes nous ont propos\u00e9s de rester. Un beau coin de pays et une belle brochette de personnages atypiques qui nous a donn\u00e9 envie de revenir en Italie pour un nouveau voyage de quelques mois.<\/p>\n<p>Apr\u00e8s cette petite pause, nous avons repris un train le dimanche 25 mai pour Alassio sur la Riviera italienne et un autre le lendemain pour Ventimiglia.<\/p>\n<p>Une soudaine envie d&rsquo;entrer \u00ab\u00a0au pays\u00a0\u00bb en p\u00e9dalant nous a pris. Une quinzaine de kilom\u00e8tres de route fr\u00e9quent\u00e9e, agr\u00e9ment\u00e9e de quelques dangereux tunnels pour avoir le plaisir de voir approcher la pancarte \u00ab\u00a0FRANCE\u00a0\u00bb. Bleue entour\u00e9e d&rsquo;\u00e9toiles. Les m\u00eames que celles des huit pays de l&rsquo;Union Europ\u00e9enne que nous avons travers\u00e9s.<\/p>\n<p align=\"justify\">C&rsquo;\u00e9tait le lundi 26 mai, nous revenions en France presque un an jour pour jour apr\u00e8s avoir quitt\u00e9 le pays.<\/p>\n<p align=\"justify\">Depuis dix jours, nous nous baladons sur de petites routes et d\u00e9couvrons un peu la Provence que Sandrine conna\u00eet peu. Apr\u00e8s Nice, nous avons rejoins Grasse et quitt\u00e9 les Alpes Maritimes qui ne nous ont pas vraiment fait r\u00eaver. Puis, nous avons travers\u00e9 le Var d&rsquo;est en ouest. C&rsquo;est un peu plus sauvage mais cela ne nous a pas non plus \u00e9bloui.<\/p>\n<p align=\"justify\">Nous \u00e9tions tout de m\u00eame tr\u00e8s contents de revenir en France et nous \u00e9tions un peu fiers de franchir \u00e0 nouveau la fronti\u00e8re \u00e0 v\u00e9lo et de retrouver le fran\u00e7ais apr\u00e8s treize mois de vagabondage. C&rsquo;est beau la France. Les premi\u00e8res boulangeries et les petites \u00e9piceries nous ont procur\u00e9 un certain \u00e9moi.<\/p>\n<p align=\"justify\">Nous sommes maintenant en Ard\u00e8che, pour quelques jours. Dans une dizaine de jours, ce sera la vraie fin du voyage, retour \u00e0 Nevers. Encore quelques coups de p\u00e9dales, deux trois bivouacs et \u00a0une page se refermera.<\/p>\n<p align=\"justify\">\n<p align=\"justify\">Ronan<\/p>\n","protected":false},"excerpt":{"rendered":"<p>Nous n&rsquo;\u00e9crivons plus mais nous allons bien. Notre d\u00e9part d&rsquo;Albanie a, pour ma part, sonn\u00e9 d&rsquo;une certaine mani\u00e8re la fin de notre voyage. Du coup, je n&rsquo;ai pas voulu \u00e9crire sur notre passage \u00e0 Ljubljana qui n&rsquo;\u00e9tait \u00e0 mon sens qu&rsquo;une pause familiale et sur notre retour programm\u00e9 en train. Pour les plus curieux, voici [&hellip;]<\/p>\n","protected":false},"author":1,"featured_media":1792,"comment_status":"open","ping_status":"open","sticky":false,"template":"","format":"standard","meta":{"footnotes":""},"categories":[4],"tags":[],"class_list":["post-1800","post","type-post","status-publish","format-standard","has-post-thumbnail","hentry","category-carnets-de-route"],"_links":{"self":[{"href":"https:\/\/www.lepennec.org\/partons\/wp-json\/wp\/v2\/posts\/1800","targetHints":{"allow":["GET"]}}],"collection":[{"href":"https:\/\/www.lepennec.org\/partons\/wp-json\/wp\/v2\/posts"}],"about":[{"href":"https:\/\/www.lepennec.org\/partons\/wp-json\/wp\/v2\/types\/post"}],"author":[{"embeddable":true,"href":"https:\/\/www.lepennec.org\/partons\/wp-json\/wp\/v2\/users\/1"}],"replies":[{"embeddable":true,"href":"https:\/\/www.lepennec.org\/partons\/wp-json\/wp\/v2\/comments?post=1800"}],"version-history":[{"count":1,"href":"https:\/\/www.lepennec.org\/partons\/wp-json\/wp\/v2\/posts\/1800\/revisions"}],"predecessor-version":[{"id":1801,"href":"https:\/\/www.lepennec.org\/partons\/wp-json\/wp\/v2\/posts\/1800\/revisions\/1801"}],"wp:featuredmedia":[{"embeddable":true,"href":"https:\/\/www.lepennec.org\/partons\/wp-json\/wp\/v2\/media\/1792"}],"wp:attachment":[{"href":"https:\/\/www.lepennec.org\/partons\/wp-json\/wp\/v2\/media?parent=1800"}],"wp:term":[{"taxonomy":"category","embeddable":true,"href":"https:\/\/www.lepennec.org\/partons\/wp-json\/wp\/v2\/categories?post=1800"},{"taxonomy":"post_tag","embeddable":true,"href":"https:\/\/www.lepennec.org\/partons\/wp-json\/wp\/v2\/tags?post=1800"}],"curies":[{"name":"wp","href":"https:\/\/api.w.org\/{rel}","templated":true}]}}