{"id":1804,"date":"2014-06-25T23:34:01","date_gmt":"2014-06-25T21:34:01","guid":{"rendered":"http:\/\/www.lepennec.org\/partons\/?p=1804"},"modified":"2014-06-25T23:34:01","modified_gmt":"2014-06-25T21:34:01","slug":"nevers-again","status":"publish","type":"post","link":"https:\/\/www.lepennec.org\/partons\/nevers-again\/","title":{"rendered":"Nevers again !"},"content":{"rendered":"<p>\u00c7a y est ! Nous sommes rentr\u00e9s ! Depuis une semaine \u00e0 Nevers et d\u00e9j\u00e0 nous avons l&rsquo;impression de n&rsquo;\u00eatre jamais partis. Le m\u00eame appart, les meubles aux m\u00eames endroits, les m\u00eames trois \u00e9tages \u00e0 monter avec la poussette, les courses et les v\u00e9los. Nous retrouvons tout cela avec le sourire et la petite pointe de recul qu&rsquo;il faut pour r\u00e9aliser la chance que nous avons ! Nous l&rsquo;avons longuement esp\u00e9r\u00e9 ce moment de retrouvailles avec le confort, les copains et l&rsquo;ap\u00e9ro. Et plus que jamais, nous savons aujourd&rsquo;hui que Nevers est une belle petite ville chaleureuse, offrant un cadre de vie tr\u00e8s agr\u00e9able. Nous retrouvons la proximit\u00e9 des amis avec \u00e9norm\u00e9ment de bonheur et de simplicit\u00e9. Comme si c&rsquo;\u00e9tait hier ! Oui, parce que c&rsquo;\u00e9tait un peu hier. Le voyage a \u00e9t\u00e9 pli\u00e9 au m\u00eame rythme que les bo\u00eetes ont \u00e9t\u00e9 ouvertes et d\u00e9ball\u00e9es. Avec empressement, pour ne plus laisser la trace de l&rsquo;entre-deux, du retour \u00e9vasif ou ind\u00e9cis. Nous parlons peu du voyage, r\u00e9pondons rapidement aux quelques questions des plus curieux pour vite revenir sur la vie des autres. Assez parl\u00e9 de nous ! Nous savons que le voyage reprendra de l&rsquo;expansion durant les prochains mois. Nous voulons lui laisser le temps de m\u00fbrir. Comme un vin un peu jeune. <\/p>\n<p>La derni\u00e8re semaine de v\u00e9lo a pourtant \u00e9t\u00e9 agr\u00e9able. La viaRhona nous a doucement conduits de Valence \u00e0 Vienne (pr\u00e8s de Lyon et non pas en faisant un d\u00e9tour par l&rsquo;Autriche). Cette voie cyclable presque enti\u00e8rement goudronn\u00e9e et s\u00e9par\u00e9e des routes fut un vrai d\u00e9lice pour nous: plat, tranquille, longeant de belles parties du Rh\u00f4ne et traversant de tr\u00e8s jolis villages. Nous pouvions discuter c\u00f4te \u00e0 c\u00f4te, luxe que nous avions depuis longtemps oubli\u00e9. Il a fait beau, tr\u00e8s beau m\u00eame. Tellement que nous devions nous arr\u00eater chaque apr\u00e8s-midi, histoire de laisser passer les heures les plus chaudes. Nous avons long\u00e9 quelques d\u00e9partements en nous questionnant sur leurs atouts et attraits respectifs: l&rsquo;Ard\u00e8che, la Dr\u00f4me, l&rsquo;Is\u00e8re, la Loire&#8230; O\u00f9 serions-nous le mieux ? Comment sont les villages et campagnes cach\u00e9s derri\u00e8re les montagnes ? M\u00eame l&rsquo;Allier travers\u00e9 en train depuis Lyon nous a paru fort joli. De beaux p\u00e2turages en vallons, une parure verdoyante, l&rsquo;ensemble agr\u00e9ment\u00e9 de magnifiques fermes anciennes pos\u00e9es ici et l\u00e0.<\/p>\n<p>Nous avons termin\u00e9 la route en beaut\u00e9. Derni\u00e8re journ\u00e9e en v\u00e9lo de presque 50km de Moulin \u00e0 Franchesse. Les gr\u00e8ves de train nous ont oblig\u00e9s \u00e0 changer l\u00e9g\u00e8rement nos plans. Un peu plus de kilom\u00e8tres que pr\u00e9vu avant d&rsquo;atteindre le g\u00eete o\u00f9 nous avions donn\u00e9 rendez-vous aux amis. Une belle tr\u00e8s journ\u00e9e cependant. De tranquilles petites d\u00e9partementales, sans doute les vraies premi\u00e8res depuis notre arriv\u00e9e en France, courant sous les arbres garnis des verts les plus chatoyants. Douce lumi\u00e8re feutr\u00e9e. Encourag\u00e9s par le chant des oiseaux et le bruissement des feuilles. Ah\u00a0! La campagne fran\u00e7aise ! <\/p>\n<p>Puis les retrouvailles, les rires et les douces folies. La certitude d&rsquo;\u00eatre revenu au bon endroit au bon moment. <\/p>\n<p>Nous ne savons pas encore ce que nous allons faire de notre peau, \u00e0 part la faire bronzer un peu cet \u00e9t\u00e9 sur les bords de la Loire et sur les plages bretonnes, mais nous sommes contents d&rsquo;\u00eatre ici. Les enfants retrouvent les jouets avec bonheur. Elouan a saut\u00e9 sur son v\u00e9lo d\u00e8s notre arriv\u00e9e et ne le quitte plus, sauf qu&rsquo;il ne sait pas encore en faire&#8230; nous lui avons donc enlev\u00e9 le p\u00e9dalier pour en faire une draisienne et lui permettre de reprendre confiance et \u00e9quilibre, avant son premier envol.<\/p>\n<p>Yana\u00ebl vit des heures un peu moins joyeuses. Priv\u00e9 de t\u00e9t\u00e9e pour s&rsquo;endormir, il manifeste son m\u00e9contentement avec rage et hurlements. Nous avons beau rester avec lui jusqu&rsquo;\u00e0 ce qu&rsquo;il s&rsquo;endorme et le faire encore dormir pr\u00e8s de nous, l&rsquo;heure du coucher n&rsquo;est pas de tout repos, ni pour lui ni pour nous. Nous savons que l&rsquo;accoutumance \u00e0 tous ces changements ne se fera pas du jour au lendemain. Nous r\u00e9alisons que le voyage a certainement marqu\u00e9 notre petit \u00e9quipage de mani\u00e8re profonde. La reprise des espaces personnels devra se faire de mani\u00e8re douce et progressive, m\u00eame si nous r\u00eavions de nous retrouver le plus vite possible, tous les deux, dans une chambre, loin de tout d\u00e9rangement&#8230;<\/p>\n<p>Nos quelques d\u00e9marches administratives sont en cours, mais nous savons maintenant que Ronan pourra b\u00e9n\u00e9ficier du ch\u00f4mage. Nous allons-en profiter pour prendre un peu de temps avant de retomber dans une recherche active de travail, et pourquoi pas tenter quelques changements. De mon c\u00f4t\u00e9, le d\u00e9poussi\u00e9rage de mes projets photo s&rsquo;impose, puis l&rsquo;envie de mettre sur papier tout ce que j&rsquo;ai pu \u00e9crire dans ma t\u00eate durant ces heures de p\u00e9dalage. Ronan, quant \u00e0 lui se questionne et requestionne sur ses envies et ses d\u00e9marches futures. Nous aurons la surprise un jour ou l&rsquo;autre. En tout cas, les projets ne manquent pas. Nous promettons d&rsquo;abord la r\u00e9daction de nos bilans de voyage respectifs, certainement en ligne d&rsquo;ici quelques semaines. <\/p>\n<p>Sandrine<\/p>\n","protected":false},"excerpt":{"rendered":"<p>\u00c7a y est ! Nous sommes rentr\u00e9s ! Depuis une semaine \u00e0 Nevers et d\u00e9j\u00e0 nous avons l&rsquo;impression de n&rsquo;\u00eatre jamais partis. Le m\u00eame appart, les meubles aux m\u00eames endroits, les m\u00eames trois \u00e9tages \u00e0 monter avec la poussette, les courses et les v\u00e9los. Nous retrouvons tout cela avec le sourire et la petite pointe [&hellip;]<\/p>\n","protected":false},"author":1,"featured_media":1812,"comment_status":"open","ping_status":"open","sticky":false,"template":"","format":"standard","meta":{"footnotes":""},"categories":[4],"tags":[],"class_list":["post-1804","post","type-post","status-publish","format-standard","has-post-thumbnail","hentry","category-carnets-de-route"],"_links":{"self":[{"href":"https:\/\/www.lepennec.org\/partons\/wp-json\/wp\/v2\/posts\/1804","targetHints":{"allow":["GET"]}}],"collection":[{"href":"https:\/\/www.lepennec.org\/partons\/wp-json\/wp\/v2\/posts"}],"about":[{"href":"https:\/\/www.lepennec.org\/partons\/wp-json\/wp\/v2\/types\/post"}],"author":[{"embeddable":true,"href":"https:\/\/www.lepennec.org\/partons\/wp-json\/wp\/v2\/users\/1"}],"replies":[{"embeddable":true,"href":"https:\/\/www.lepennec.org\/partons\/wp-json\/wp\/v2\/comments?post=1804"}],"version-history":[{"count":6,"href":"https:\/\/www.lepennec.org\/partons\/wp-json\/wp\/v2\/posts\/1804\/revisions"}],"predecessor-version":[{"id":1813,"href":"https:\/\/www.lepennec.org\/partons\/wp-json\/wp\/v2\/posts\/1804\/revisions\/1813"}],"wp:featuredmedia":[{"embeddable":true,"href":"https:\/\/www.lepennec.org\/partons\/wp-json\/wp\/v2\/media\/1812"}],"wp:attachment":[{"href":"https:\/\/www.lepennec.org\/partons\/wp-json\/wp\/v2\/media?parent=1804"}],"wp:term":[{"taxonomy":"category","embeddable":true,"href":"https:\/\/www.lepennec.org\/partons\/wp-json\/wp\/v2\/categories?post=1804"},{"taxonomy":"post_tag","embeddable":true,"href":"https:\/\/www.lepennec.org\/partons\/wp-json\/wp\/v2\/tags?post=1804"}],"curies":[{"name":"wp","href":"https:\/\/api.w.org\/{rel}","templated":true}]}}