{"id":374,"date":"2013-04-22T09:44:36","date_gmt":"2013-04-22T07:44:36","guid":{"rendered":"http:\/\/www.lepennec.org\/partons\/?p=374"},"modified":"2013-04-23T11:46:35","modified_gmt":"2013-04-23T09:46:35","slug":"le-depart","status":"publish","type":"post","link":"https:\/\/www.lepennec.org\/partons\/le-depart\/","title":{"rendered":"le d\u00e9part"},"content":{"rendered":"<script>fsg_json['fsg_post_374'] = [\n{id: 380, image: 'http:\/\/www.lepennec.org\/partons\/wp-content\/uploads\/2013\/04\/DSC_0009_pt.png', extlink: '', thumb: 'https:\/\/www.lepennec.org\/partons\/wp-content\/uploads\/2013\/04\/DSC_0009_pt-150x150.png', permalink: '<div class=\"galleria-layeritem\"><a title=\"Permalink\" href=\"https:\/\/www.lepennec.org\/partons\/wp-content\/uploads\/2013\/04\/DSC_0009_pt.png\"><div class=\"galleria-link-bookmark\"><\/div><\/a><\/div>', layer: '<div class=\"galleria-infolayer\"><div class=\"galleria-layeritem\" style=\"padding-right: 20px;\"><h1>DSC_0009_pt<\/h1><\/div><div class=\"galleria-layeritem\"><a title=\"Permalink\" href=\"https:\/\/www.lepennec.org\/partons\/wp-content\/uploads\/2013\/04\/DSC_0009_pt.png\"><div class=\"galleria-link-bookmark\"><\/div><\/a><\/div><div class=\"galleria-layeritem\" style=\"padding-right: 20px;\"><\/div>'}\n];<\/script>\n<p>Ca y est. Nous sommes enfin partis.\u00a0ce ne fut pas si simple,\u00a0le rangement de l&rsquo;appartement nous a pris beaucoup de temps si bien que nous avons donn\u00e9 nos premiers coups de p\u00e9dales \u00e0 18h45.<\/p>\n<p>Nous avons essay\u00e9 d&rsquo;avaler les 20km nous s\u00e9parant de notre maison d&rsquo;accueil aussi vite que possible.\u00a0 Cela restera\u00a0certainement une des \u00e9tapes les plus rapides du voyage.<\/p>\n<p>Rapide mais pas de tout repos. Apr\u00e8s 5 kms, Yana\u00ebl s&rsquo;est mis \u00e0 pleurer, si bien que nous avons \u00e9t\u00e9 oblig\u00e9s de nous arr\u00e9ter sur le bord de la route pour lui donner \u00e0 manger, la petite t\u00e9t\u00e9e de Sandrine ne lui suffisant pas.<\/p>\n<p>Au final, nous sommes arriv\u00e9s \u00e0 Saint-Aubin-les-Forges vers 20H30.<\/p>\n<p><a data-postid=\"fsg_post_374\" data-imgid=\"380\" href=\"http:\/\/www.lepennec.org\/partons\/wp-content\/uploads\/2013\/04\/DSC_0009_pt.png\"><img loading=\"lazy\" decoding=\"async\" class=\"alignleft size-medium wp-image-380\" alt=\"DSC_0009_pt\" src=\"http:\/\/www.lepennec.org\/partons\/wp-content\/uploads\/2013\/04\/DSC_0009_pt-300x198.png\" width=\"300\" height=\"198\" srcset=\"https:\/\/www.lepennec.org\/partons\/wp-content\/uploads\/2013\/04\/DSC_0009_pt-300x198.png 300w, https:\/\/www.lepennec.org\/partons\/wp-content\/uploads\/2013\/04\/DSC_0009_pt.png 740w\" sizes=\"auto, (max-width: 300px) 100vw, 300px\" \/><\/a><\/p>\n<p>&nbsp;<\/p>\n","protected":false},"excerpt":{"rendered":"<p>Ca y est. Nous sommes enfin partis.\u00a0ce ne fut pas si simple,\u00a0le rangement de l&rsquo;appartement nous a pris beaucoup de temps si bien que nous avons donn\u00e9 nos premiers coups de p\u00e9dales \u00e0 18h45. Nous avons essay\u00e9 d&rsquo;avaler les 20km nous s\u00e9parant de notre maison d&rsquo;accueil aussi vite que possible.\u00a0 Cela restera\u00a0certainement une des \u00e9tapes [&hellip;]<\/p>\n","protected":false},"author":1,"featured_media":377,"comment_status":"open","ping_status":"open","sticky":false,"template":"","format":"standard","meta":{"footnotes":""},"categories":[4],"tags":[],"class_list":["post-374","post","type-post","status-publish","format-standard","has-post-thumbnail","hentry","category-carnets-de-route"],"_links":{"self":[{"href":"https:\/\/www.lepennec.org\/partons\/wp-json\/wp\/v2\/posts\/374","targetHints":{"allow":["GET"]}}],"collection":[{"href":"https:\/\/www.lepennec.org\/partons\/wp-json\/wp\/v2\/posts"}],"about":[{"href":"https:\/\/www.lepennec.org\/partons\/wp-json\/wp\/v2\/types\/post"}],"author":[{"embeddable":true,"href":"https:\/\/www.lepennec.org\/partons\/wp-json\/wp\/v2\/users\/1"}],"replies":[{"embeddable":true,"href":"https:\/\/www.lepennec.org\/partons\/wp-json\/wp\/v2\/comments?post=374"}],"version-history":[{"count":8,"href":"https:\/\/www.lepennec.org\/partons\/wp-json\/wp\/v2\/posts\/374\/revisions"}],"predecessor-version":[{"id":381,"href":"https:\/\/www.lepennec.org\/partons\/wp-json\/wp\/v2\/posts\/374\/revisions\/381"}],"wp:featuredmedia":[{"embeddable":true,"href":"https:\/\/www.lepennec.org\/partons\/wp-json\/wp\/v2\/media\/377"}],"wp:attachment":[{"href":"https:\/\/www.lepennec.org\/partons\/wp-json\/wp\/v2\/media?parent=374"}],"wp:term":[{"taxonomy":"category","embeddable":true,"href":"https:\/\/www.lepennec.org\/partons\/wp-json\/wp\/v2\/categories?post=374"},{"taxonomy":"post_tag","embeddable":true,"href":"https:\/\/www.lepennec.org\/partons\/wp-json\/wp\/v2\/tags?post=374"}],"curies":[{"name":"wp","href":"https:\/\/api.w.org\/{rel}","templated":true}]}}