{"id":388,"date":"2013-04-30T18:39:28","date_gmt":"2013-04-30T16:39:28","guid":{"rendered":"http:\/\/www.lepennec.org\/partons\/?p=388"},"modified":"2013-04-30T18:39:58","modified_gmt":"2013-04-30T16:39:58","slug":"1ere-semaine-nevers-dijon","status":"publish","type":"post","link":"https:\/\/www.lepennec.org\/partons\/1ere-semaine-nevers-dijon\/","title":{"rendered":"Nevers &#8211; Dijon"},"content":{"rendered":"<p>Apr\u00e8s avoir pass\u00e9 la premi\u00e8re nuit chez Michelle et Eric (Les Kanakys) \u00e0 20km de Nevers, nous avons vraiment eu l&rsquo;impression de d\u00e9buter ce voyage en quittant Saint-Aubin-Les-Forges, le mardi 23.<\/p>\n<p>Et il faut dire que cette premi\u00e8re semaine a d\u00e9but\u00e9 \u00e0 merveille, sous un ciel bleu et des temp\u00e9ratures fr\u00f4lant l\u2019ind\u00e9cence tant il a fait chaud.<\/p>\n<p>Nous avons install\u00e9 notre premier bivouac sur les ruines du site arch\u00e9ologique de Compierre. Un endroit magnifique que nous avons ill\u00e9galement squatt\u00e9. Notre nuit fut berc\u00e9e par les brames des cerfs et les ululements des hibous. Au matin ce ne fut pas le m\u00eame accueil, le pr\u00e9sident de l&rsquo;association des fouilles du site voyant son tr\u00e9sor pill\u00e9 par des sauvages a manqu\u00e9 faire une crise cardiaque. En 30 ans, nous \u00e9tions les deuxi\u00e8mes couillons \u00e0 oser pareil sacril\u00e8ge. Nous avons donc gentiment repris la route apr\u00e8s avoir redress\u00e9 l&rsquo;herbe \u00e9cras\u00e9e \u00e0 l&#8217;emplacement de la tente.<\/p>\n<p>Les deux jours suivants ont \u00e9galement \u00e9t\u00e9 tr\u00e8s beaux. Nous avons suivi une partie du canal du Nivernais. Cela nous a permis de soulager un peu les cuisses apr\u00e8s les tra\u00eetres collines du Nivernais. Puisqu&rsquo;\u00e0 Nevers, d\u00e8s que nous avons mis notre bard\u00e2t sur nos v\u00e9los, nous nous sommes rendus compte que nous avions d\u00e9j\u00e0 beaucoup trop de choses. C&rsquo;est assez paradoxal puisque nous avons pass\u00e9 des mois \u00e0 chercher le mat\u00e9riel le plus l\u00e9ger possible pour finalement se retrouver \u00e0 porter des choses pas sp\u00e9cialement \u00e9tudi\u00e9es pour le voyage l\u00e9ger. Je pense notamment au gros sur-pyjama en laine de Yana\u00ebl offert par des amis qui doit peser \u00e0 lui seul presqu&rsquo;un kilo. Ce n&rsquo;est pas tellement le poids qui est g\u00eanant car on finit toujours par avancer m\u00eame charger comme des mulets. Le plus g\u00eanant est le manque de place. Il ne nous en restait plus un brin dans nos sacoches. La premi\u00e8re halte \u00e0 l&rsquo;\u00e9picerie nous a d\u00e9j\u00e0 pos\u00e9 probl\u00e8me puisque nous ne savions pas ou caser le pot de sauce tomate. Il faut dire que parmi toutes nos sacoches, celle consacr\u00e9e \u00e0 notre n\u00e9cessaire de survie alimentaire \u00e9tait bien pleine en partant. \u00c0 peu pr\u00e8s 1,5kg de c\u00e9r\u00e9ales, un gros paquet de noix, des pistaches sal\u00e9es, une grosse brioche que les kanakys nous ont donn\u00e9, etc. C&rsquo;est s\u00fbr, nous ne mourrons pas de faim.<\/p>\n<p>Apr\u00e8s la visite de V\u00e9zelay et la mont\u00e9e en v\u00e9lo (notre premi\u00e8re 10%) jusqu&rsquo;\u00e0 l&rsquo;\u00e9glise abbatiale Marie-Madeleine, les choses ont commenc\u00e9 \u00e0 se g\u00e2ter au niveau climatique. Nous nous sommes r\u00e9veill\u00e9s vendredi sous un fin crachin qui s&rsquo;est transform\u00e9 en forte pluie \u00e0 mesure que nous avancions. \u00c0 Magny, 22km plus loin, Yana\u00ebl ne voulait plus avancer, nous avons donc rejoint l&rsquo;\u00e9picerie-bar-tabac-poste du village afin d&rsquo;attendre que cette pluie passe. Nous aurions pu attendre une semaine puisqu&rsquo;elle n&rsquo;est toujours pas pass\u00e9e.<\/p>\n<p>Nous avons demand\u00e9 \u00e0 la propri\u00e9taire s&rsquo;il existait une salle communale, nous avons finalement atterri dans sa caravane, r\u00e9alisant ainsi le r\u00eave d&rsquo;Elouan qui en avait visit\u00e9 une le matin m\u00eame et trouvait cela tr\u00e8s confortable.<\/p>\n<p>Avec la pluie, le froid s&rsquo;est \u00e9galement install\u00e9. Nous avons perdu 24\u00b0C en deux jours\u00a0 passant de 30\u00b0C \u00e0 6\u00b0C. Quand les chaussettes, les chaussures, les pantalons, les gants et les bonnets sont mouill\u00e9s et qu&rsquo;il fait froid, nous prenons r\u00e9ellement conscience que notre situation peut vite devenir tr\u00e8s inconfortable. Pour s&rsquo;offrir une pause chaleur, nous avons explos\u00e9 notre budget \u00e0 Epoisses en s&rsquo;offrant le menu du jour dans un petit restaurant. Deux heures de pause bien confortables. Enorgueillis par notre succ\u00e8s de la veille, nous avons tent\u00e9 de trouver un nouvel endroit sec o\u00f9 passer la nuit mais cette fois, la seule solution co\u00fbtait 65 euros. Ne voulant pas perdre la face devant nos milliers de fans, persuad\u00e9s que nous sommes de vrais aventuriers, nous nous sommes repli\u00e9s sous la pluie, sous la tente. La situation a bien atteint les 8\/10 sur l&rsquo;\u00e9chelle \u00ab\u00a0Qu&rsquo;est-ce qu&rsquo;on fous l\u00e0?\u00a0\u00bb avec Yana\u00ebl qui hurlait pendant que nous essayions de monter le campement, sous une pluie battante, par 3\u00b0C. Mais une fois bien au chaud, le petiot s&rsquo;est rapidement endormi et nous avons pu manger et jouer une partie de sept famille sous les 13\u00b0C qu&rsquo;offrait notre chalet mobile.<\/p>\n<p>Heureusement, il existe les r\u00e9seaux d\u2019h\u00e9bergement cyclistes et c&rsquo;est avec joie et enthousiasme que nous avons rejoins Massingy-les-Vitteaux o\u00f9 Sophie et Patrick nous attendaient le lendemain. Au programme un feu de chemin\u00e9e pour s\u00e9cher nos affaires, un couscous d\u00e9licieux et des conversations riches. Une tr\u00e8s belle rencontre! Elouan a \u00e9galement eu beaucoup de plaisir en jouant avec Venise et Minette, les animaux de la maison.<\/p>\n<p>Revitalis\u00e9s par cet arr\u00eat, nous avons rejoins Dijon lundi en fin d&rsquo;apr\u00e8s-midi et avons mont\u00e9 le campement sur le terrain d&rsquo;une belle vieille maison cossue, en pleine ville. Nous allons y passer deux jours. La m\u00e9t\u00e9o n&rsquo;a pas l&rsquo;air de s&rsquo;am\u00e9liorer pour les jours \u00e0 venir mais nous esp\u00e9rons que les \u00e9claircies ne se feront pas trop attendre.<\/p>\n<p>Pour ceux qui aiment les chiffres, voici la page Statistiques :<\/p>\n<p>295km parcourus pour un total de 2676 m de mont\u00e9e cumul\u00e9e.<\/p>\n<p>Avec une moyenne de 36,5km et 20\u20ac par jour.<\/p>\n<p>&nbsp;<\/p>\n<p>&nbsp;<\/p>\n<p>&nbsp;<\/p>\n<p>&nbsp;<\/p>\n<p>&nbsp;<\/p>\n<p>&nbsp;<\/p>\n<p>&nbsp;<\/p>\n","protected":false},"excerpt":{"rendered":"<p>Apr\u00e8s avoir pass\u00e9 la premi\u00e8re nuit chez Michelle et Eric (Les Kanakys) \u00e0 20km de Nevers, nous avons vraiment eu l&rsquo;impression de d\u00e9buter ce voyage en quittant Saint-Aubin-Les-Forges, le mardi 23. Et il faut dire que cette premi\u00e8re semaine a d\u00e9but\u00e9 \u00e0 merveille, sous un ciel bleu et des temp\u00e9ratures fr\u00f4lant l\u2019ind\u00e9cence tant il a [&hellip;]<\/p>\n","protected":false},"author":1,"featured_media":396,"comment_status":"open","ping_status":"open","sticky":false,"template":"","format":"standard","meta":{"footnotes":""},"categories":[4],"tags":[],"class_list":["post-388","post","type-post","status-publish","format-standard","has-post-thumbnail","hentry","category-carnets-de-route"],"_links":{"self":[{"href":"https:\/\/www.lepennec.org\/partons\/wp-json\/wp\/v2\/posts\/388","targetHints":{"allow":["GET"]}}],"collection":[{"href":"https:\/\/www.lepennec.org\/partons\/wp-json\/wp\/v2\/posts"}],"about":[{"href":"https:\/\/www.lepennec.org\/partons\/wp-json\/wp\/v2\/types\/post"}],"author":[{"embeddable":true,"href":"https:\/\/www.lepennec.org\/partons\/wp-json\/wp\/v2\/users\/1"}],"replies":[{"embeddable":true,"href":"https:\/\/www.lepennec.org\/partons\/wp-json\/wp\/v2\/comments?post=388"}],"version-history":[{"count":8,"href":"https:\/\/www.lepennec.org\/partons\/wp-json\/wp\/v2\/posts\/388\/revisions"}],"predecessor-version":[{"id":416,"href":"https:\/\/www.lepennec.org\/partons\/wp-json\/wp\/v2\/posts\/388\/revisions\/416"}],"wp:featuredmedia":[{"embeddable":true,"href":"https:\/\/www.lepennec.org\/partons\/wp-json\/wp\/v2\/media\/396"}],"wp:attachment":[{"href":"https:\/\/www.lepennec.org\/partons\/wp-json\/wp\/v2\/media?parent=388"}],"wp:term":[{"taxonomy":"category","embeddable":true,"href":"https:\/\/www.lepennec.org\/partons\/wp-json\/wp\/v2\/categories?post=388"},{"taxonomy":"post_tag","embeddable":true,"href":"https:\/\/www.lepennec.org\/partons\/wp-json\/wp\/v2\/tags?post=388"}],"curies":[{"name":"wp","href":"https:\/\/api.w.org\/{rel}","templated":true}]}}