{"id":422,"date":"2013-05-07T16:36:19","date_gmt":"2013-05-07T14:36:19","guid":{"rendered":"http:\/\/www.lepennec.org\/partons\/?p=422"},"modified":"2013-05-07T16:36:37","modified_gmt":"2013-05-07T14:36:37","slug":"dijon-luxeuil","status":"publish","type":"post","link":"https:\/\/www.lepennec.org\/partons\/dijon-luxeuil\/","title":{"rendered":"Dijon-Luxeuil"},"content":{"rendered":"<style type=\"text\/css\"><!--\nP { margin-bottom: 0.21cm; }\n--><\/style>\n<p>Nous sommes \u00e0 Luxeuil-les-Bains, petite ville thermale de Haute-Sa\u00f4ne, depuis ce midi. La Franche-Comt\u00e9 nous a ouvert ses portes samedi, en laissant derri\u00e8re nous \u00ab\u00a0notre\u00a0\u00bb Bourgogne, travers\u00e9e d&rsquo;Est en Ouest depuis Nevers.<\/p>\n<p>Cette derni\u00e8re semaine aura \u00e9t\u00e9 moins \u00e9prouvante que la premi\u00e8re du point de vue m\u00e9t\u00e9orologique mais plus spectaculaire\u00a0! Apr\u00e8s notre s\u00e9jour \u00e0 Dijon chez Andr\u00e9, Brigitte et Cl\u00e9mentine, qui ont g\u00e9n\u00e9reusement accept\u00e9 notre demande d&rsquo;h\u00e9bergement de derni\u00e8re minute, nous avons repris la route jeudi sous un ciel orageux qui ne pr\u00e9sageait rien de bon pour la nuit. Apr\u00e8s avoir err\u00e9 une bonne partie de l&rsquo;apr\u00e8s-midi dans des zones industrielles, nous avons suivi les indications pour une for\u00eat am\u00e9nag\u00e9e. Au final, l&rsquo;endroit aurait pu \u00eatre id\u00e9al sauf que le sol \u00e9tait inond\u00e9. Vers 18h30, alors que le ciel noir se refermait sur nous, et que nous \u00e9tions au seuil du d\u00e9couragement, une dame \u00e0 qui nous venions juste de demander si elle connaissait un endroit o\u00f9 planter la tente, nous a gentiment conduit chez elle. L&rsquo;orage a alors \u00e9clat\u00e9 et une averse de gr\u00eale s&rsquo;est abattue sur nous. Mais contre mauvaise fortune bon c\u0153ur, ce qui devait \u00eatre une petite place sur la pelouse s&rsquo;est finalement transform\u00e9e en une chambre au premier \u00e9tage.<\/p>\n<p>La nuit a \u00e9t\u00e9 difficile pour Yana\u00ebl, fievreux depuis quatre jours, nous avons donc d\u00e9cid\u00e9 de nous rendre chez le m\u00e9decin vendredi matin. A peine rentr\u00e9s dans le cabinet m\u00e9dical, le verdict est tomb\u00e9, Yana\u00ebl souffre d&rsquo;une laryngite. Le m\u00e9decin, tr\u00e8s int\u00e9ress\u00e9 par notre aventure, en a profit\u00e9 pour nous bombarder de questions sur la logistique du voyage. Au vu de notre situation, il a pr\u00e9f\u00e9r\u00e9 nous prescrire une batterie de m\u00e9dicaments. Yana\u00ebl a donc eu droit \u00e0 de la ventoline, de la b\u00e9cotide, des antibiotiques et \u00e0 un magnifique baby inhaler qui occupe une bonne place dans la remorque.<\/p>\n<p>La nuit suivante aura \u00e9t\u00e9 moins confortable mais bien prot\u00e9g\u00e9e tout de m\u00eame. Nous avons mont\u00e9 la tente sous un abri \u00e0 bois et avons pu manger et dormir au sec en regardant tomber la pluie. Elle nous avait d\u00e9j\u00e0 bien mouill\u00e9e toute la journ\u00e9e avec de fortes averses et a continu\u00e9 pratiquement sans rel\u00e2che toute la soir\u00e9e et la nuit.<\/p>\n<p>Mais c&rsquo;est le lendemain que nous avons pris conscience de l\u00a0&lsquo;ampleur de la situation. Nous savions qu&rsquo;il avait beaucoup plu depuis les derniers jours, un ami nous a m\u00eame envoy\u00e9 un message nous informant des risques d&rsquo;orages dans la r\u00e9gion, mais nous n&rsquo;avions pas imagin\u00e9 que la r\u00e9gion toute enti\u00e8re \u00e9tait sous l&rsquo;eau\u00a0! Sur la place du village de Fontaine-Fran\u00e7aise, les gros titres de la presse locale ne parlaient que d&rsquo;une chose\u00a0: toutes les rivi\u00e8res d\u00e9bordent. La ville de Pont o\u00f9 nous avions dormi vendredi dernier a \u00e9t\u00e9 \u00e9vacu\u00e9e. La ville de Semur en Auxois l&rsquo;a \u00e9galement \u00e9t\u00e9 en partie.<\/p>\n<p>Nous voulions suivre la Sa\u00f4ne mais la route \u00e9tait compl\u00e8tement inond\u00e9e, les champs se sont transform\u00e9s en lacs, les rivi\u00e8res en fleuves et les ruisseaux en torrents. Apparemment, le ph\u00e9nom\u00e8ne est rare, les habitants n&rsquo;ont pas vu chose pareille depuis les ann\u00e9es 60, surtout aussi tard dans la saison.<\/p>\n<p>Nous pourrions dire que ce d\u00e9but de voyage aura \u00e9t\u00e9 un v\u00e9ritable bapt\u00eame\u00a0!<\/p>\n<p>L&rsquo;apr\u00e8s-midi de samedi a laiss\u00e9 place \u00e0 de belles \u00e9claircies et c&rsquo;est sous un beau soleil que nous sommes arriv\u00e9s \u00e0 Champlitte o\u00f9 nous avons \u00e9t\u00e9 accueilli par Nicolas, Claudine et Lila.<\/p>\n<p>Finalement, les deux derniers jours auront \u00e9t\u00e9 une alternance de soleil et de nuages. De petites routes en sous-bois ou longeant des champs de Colza, jaunes vifs. Les prairies et les parcs sont \u00e9galement fleuris et nous rappellent que le printemps est bien install\u00e9. Nous avons dormi pr\u00e8s de terrains de sport dans des petites communes, entour\u00e9s de pissenlits. Les couleurs sont belles, les temp\u00e9ratures sont douces et les routes encore gentiment dodelinantes.<\/p>\n<p>Nous avons pass\u00e9 notre 500e kilom\u00e8tre ce matin. Et nous devrions attaquer les Vosges demain\u00a0!<\/p>\n<p>&nbsp;<\/p>\n<p>&nbsp;<\/p>\n<p>&nbsp;<\/p>\n","protected":false},"excerpt":{"rendered":"<p>Nous sommes \u00e0 Luxeuil-les-Bains, petite ville thermale de Haute-Sa\u00f4ne, depuis ce midi. La Franche-Comt\u00e9 nous a ouvert ses portes samedi, en laissant derri\u00e8re nous \u00ab\u00a0notre\u00a0\u00bb Bourgogne, travers\u00e9e d&rsquo;Est en Ouest depuis Nevers. Cette derni\u00e8re semaine aura \u00e9t\u00e9 moins \u00e9prouvante que la premi\u00e8re du point de vue m\u00e9t\u00e9orologique mais plus spectaculaire\u00a0! Apr\u00e8s notre s\u00e9jour \u00e0 Dijon [&hellip;]<\/p>\n","protected":false},"author":1,"featured_media":424,"comment_status":"open","ping_status":"open","sticky":false,"template":"","format":"standard","meta":{"footnotes":""},"categories":[4],"tags":[],"class_list":["post-422","post","type-post","status-publish","format-standard","has-post-thumbnail","hentry","category-carnets-de-route"],"_links":{"self":[{"href":"https:\/\/www.lepennec.org\/partons\/wp-json\/wp\/v2\/posts\/422","targetHints":{"allow":["GET"]}}],"collection":[{"href":"https:\/\/www.lepennec.org\/partons\/wp-json\/wp\/v2\/posts"}],"about":[{"href":"https:\/\/www.lepennec.org\/partons\/wp-json\/wp\/v2\/types\/post"}],"author":[{"embeddable":true,"href":"https:\/\/www.lepennec.org\/partons\/wp-json\/wp\/v2\/users\/1"}],"replies":[{"embeddable":true,"href":"https:\/\/www.lepennec.org\/partons\/wp-json\/wp\/v2\/comments?post=422"}],"version-history":[{"count":3,"href":"https:\/\/www.lepennec.org\/partons\/wp-json\/wp\/v2\/posts\/422\/revisions"}],"predecessor-version":[{"id":426,"href":"https:\/\/www.lepennec.org\/partons\/wp-json\/wp\/v2\/posts\/422\/revisions\/426"}],"wp:featuredmedia":[{"embeddable":true,"href":"https:\/\/www.lepennec.org\/partons\/wp-json\/wp\/v2\/media\/424"}],"wp:attachment":[{"href":"https:\/\/www.lepennec.org\/partons\/wp-json\/wp\/v2\/media?parent=422"}],"wp:term":[{"taxonomy":"category","embeddable":true,"href":"https:\/\/www.lepennec.org\/partons\/wp-json\/wp\/v2\/categories?post=422"},{"taxonomy":"post_tag","embeddable":true,"href":"https:\/\/www.lepennec.org\/partons\/wp-json\/wp\/v2\/tags?post=422"}],"curies":[{"name":"wp","href":"https:\/\/api.w.org\/{rel}","templated":true}]}}