{"id":466,"date":"2013-05-15T13:14:13","date_gmt":"2013-05-15T11:14:13","guid":{"rendered":"http:\/\/www.lepennec.org\/partons\/?p=466"},"modified":"2013-05-15T14:00:31","modified_gmt":"2013-05-15T12:00:31","slug":"luxeuil-strasbourg-2","status":"publish","type":"post","link":"https:\/\/www.lepennec.org\/partons\/luxeuil-strasbourg-2\/","title":{"rendered":"Luxeuil &#8211; Strasbourg"},"content":{"rendered":"<style type=\"text\/css\"><!--\n<span id=\"mce_marker\" data-mce-type=\"bookmark\"><\/span><span id=\"__caret\">_<\/span><!--\nP { margin-bottom: 0.21cm; }\n--><\/style>\n<p>Strasbourg\u00a0! Notre premi\u00e8re vraie \u00e9tape. LA ville o\u00f9 nous voulions aller en France et o\u00f9 nous pensions arriver&#8230; la semaine derni\u00e8re. Il nous aura fallu 3 semaines plut\u00f4t que deux, pour 120 kilom\u00e8tres de plus que les 640 pr\u00e9vus. Notre rythme est plus lent mais nous sommes maintenant conscients que les 50 km journaliers que nous avions estim\u00e9s au d\u00e9part sont souvent au del\u00e0 de nos possibilit\u00e9s. Avec Elouan \u00e7a passait encore mais avec Yana\u00ebl en plus, tout est plus long et les pauses plus fr\u00e9quentes. Cela nous donne plut\u00f4t une moyenne de 3 heures de v\u00e9lo par jour pour 35-40 km.<\/p>\n<p>Les trois semaines auront toutefois servies de bon entra\u00eenement puisque nous sentons bien que notre puissance augmente. Notre confiance aussi\u00a0! Les Vosges (massif montagneux entre la Loraine et l&rsquo;Alsace) que nous redoutions nous ont finalement laiss\u00e9es monter nos premiers cols \u00e0 plus de 1000 m\u00e8tres, non sans peine, mais avec d\u00e9termination.<\/p>\n<p>Le temps n&rsquo;\u00e9tait pourtant pas tr\u00e8s beau lorsque nous sommes partis jeudi dernier de St-Bresson apr\u00e8s nos deux jours chez Arnaud, Myriam, No\u00e9mie et Romane. Mais leurs pr\u00e9cieux conseils (ils ont \u00e0 leur palmar\u00e8s la travers\u00e9e des Am\u00e9riques de l&rsquo;Alaska \u00e0 Ushua\u00efa et un voyage de 6 mois avec leurs filles de 3 et 5 ans autour de la m\u00e9diterran\u00e9e) et leur proposition d&rsquo;itin\u00e9raire nous ont bien motiv\u00e9s \u00e0 grimper un peu pour rejoindre le versant est du massif.<\/p>\n<p>Notre ascension des Vosges nous a donc conduit au col de la Fourche depuis lequel nous avons rejoint la vall\u00e9e de la Moselle. C&rsquo;est un pr\u00e9 en fleurs qui nous a accueilli pour la nuit et offert en prime notre premi\u00e8re tique\u00a0! Ronan l&rsquo;a trouv\u00e9 coinc\u00e9e entre ses jambes, aussi petite qu&rsquo;un vulgaire poil incarn\u00e9. D\u00e9j\u00e0 bien parano avec les tiques et la maladie de Lyme, il a instaur\u00e9 depuis l&rsquo;inspection corporelle int\u00e9grale d&rsquo;une heure avant le coucher. Une chance que les journ\u00e9es s&rsquo;allongent\u00a0!<\/p>\n<p>La deuxi\u00e8me \u00e9tape des Vosges nous a men\u00e9 assez tranquillement \u00e0 la Bresse o\u00f9 une g\u00e9n\u00e9reuse et sympathique famille r\u00e9unie pour un mariage et \u00e0 qui nous avions demand\u00e9 pour camper sur leur terrain nous a finalement invit\u00e9 \u00e0 dormir \u00e0 l&rsquo;int\u00e9rieur et \u00e0 partager leur repas.<\/p>\n<p>Le lendemain, nous avons entam\u00e9 la mont\u00e9e vers le col de la Schlutch et la route des cr\u00eates. Notre premi\u00e8re vraie journ\u00e9e de montagne en quelque sorte avec 600m de d\u00e9nivel\u00e9 positif sur les 15 premiers kilom\u00e8tres. Au sommet, beaucoup d&rsquo;infrastructures touristiques pour la saison de ski qui s&rsquo;est achev\u00e9e il y a deux semaines \u00e0 peine. Quelques petites plaques de neige ornaient encore les pistes. Nous serions bien rest\u00e9s plus longtemps sur ces hauteurs, profitant d&rsquo;un beau d\u00e9cor de montagne avec conif\u00e8res, mousse et vues superbes, mais les averses et les temp\u00e9ratures pr\u00e9vues pour la nuit fr\u00f4lant le n\u00e9gatif nous ont oblig\u00e9es \u00e0 redescendre vers Kaysersberg, ville natale d&rsquo;Albert Schweitzer \u2013 prix nobel de la paix.<\/p>\n<p>Cette fois, c&rsquo;est une artiste qui nous a laiss\u00e9 les clefs de son atelier afin que nous puissions passer la nuit au chaud. Une belle soir\u00e9e en perspective pendant laquelle nous aurions pu d\u00e9ambuler dans les rues pav\u00e9es de cette cit\u00e9e m\u00e9di\u00e9vale. Malheureusement Elouan, surexcit\u00e9 \u00e0 l&rsquo;id\u00e9e d&rsquo;aller voir des cracheurs de feu, a encha\u00een\u00e9 b\u00eatises sur b\u00eatises et nous a tellement \u00e9nerv\u00e9 que nous l&rsquo;avons couch\u00e9, furieux et compl\u00e8tement crev\u00e9s nous aussi&#8230;<\/p>\n<p>Les deux jours suivants nous ont men\u00e9s sur la route des vins et la plaine d&rsquo;Alsace. Arr\u00eats rapides \u00e0 Riquewhir et Ribeauvill\u00e9, petits villages alsaciens typiques avec maisons \u00e0 colombages multicolores et rues pav\u00e9es. Les visites ont toutefois \u00e9t\u00e9 courtes car la nu\u00e9e de touristes nous a un peu effray\u00e9e. Cette belle r\u00e9gion doit vite devenir insupportable en juillet et en ao\u00fbt.<\/p>\n<p>Arriv\u00e9s lundi soir \u00e0 Strasbourg, nous y resterons certainement jusqu&rsquo;\u00e0 dimanche. No\u00e9mie (ma s\u0153ur) et Tit viennent passer quelques jours avec nous. Nous en profiterons \u00e9galement pour faire le m\u00e9nage des sacoches et nous d\u00e9lester de quelques kilos&#8230;.<\/p>\n<p><a href=\"http:\/\/youtu.be\/ytqEik_RcWQ\">France<\/a><\/p>\n<p><iframe loading=\"lazy\" width=\"560\" height=\"315\" src=\"http:\/\/www.youtube.com\/embed\/ytqEik_RcWQ\" frameborder=\"0\" allowfullscreen><\/iframe><\/p>\n<p>&nbsp;<\/p>\n<p>&nbsp;<\/p>\n<p>&nbsp;<\/p>\n","protected":false},"excerpt":{"rendered":"<p>Strasbourg\u00a0! Notre premi\u00e8re vraie \u00e9tape. LA ville o\u00f9 nous voulions aller en France et o\u00f9 nous pensions arriver&#8230; la semaine derni\u00e8re. Il nous aura fallu 3 semaines plut\u00f4t que deux, pour 120 kilom\u00e8tres de plus que les 640 pr\u00e9vus. Notre rythme est plus lent mais nous sommes maintenant conscients que les 50 km journaliers que [&hellip;]<\/p>\n","protected":false},"author":1,"featured_media":467,"comment_status":"open","ping_status":"open","sticky":false,"template":"","format":"standard","meta":{"footnotes":""},"categories":[4],"tags":[],"class_list":["post-466","post","type-post","status-publish","format-standard","has-post-thumbnail","hentry","category-carnets-de-route"],"_links":{"self":[{"href":"https:\/\/www.lepennec.org\/partons\/wp-json\/wp\/v2\/posts\/466","targetHints":{"allow":["GET"]}}],"collection":[{"href":"https:\/\/www.lepennec.org\/partons\/wp-json\/wp\/v2\/posts"}],"about":[{"href":"https:\/\/www.lepennec.org\/partons\/wp-json\/wp\/v2\/types\/post"}],"author":[{"embeddable":true,"href":"https:\/\/www.lepennec.org\/partons\/wp-json\/wp\/v2\/users\/1"}],"replies":[{"embeddable":true,"href":"https:\/\/www.lepennec.org\/partons\/wp-json\/wp\/v2\/comments?post=466"}],"version-history":[{"count":5,"href":"https:\/\/www.lepennec.org\/partons\/wp-json\/wp\/v2\/posts\/466\/revisions"}],"predecessor-version":[{"id":472,"href":"https:\/\/www.lepennec.org\/partons\/wp-json\/wp\/v2\/posts\/466\/revisions\/472"}],"wp:featuredmedia":[{"embeddable":true,"href":"https:\/\/www.lepennec.org\/partons\/wp-json\/wp\/v2\/media\/467"}],"wp:attachment":[{"href":"https:\/\/www.lepennec.org\/partons\/wp-json\/wp\/v2\/media?parent=466"}],"wp:term":[{"taxonomy":"category","embeddable":true,"href":"https:\/\/www.lepennec.org\/partons\/wp-json\/wp\/v2\/categories?post=466"},{"taxonomy":"post_tag","embeddable":true,"href":"https:\/\/www.lepennec.org\/partons\/wp-json\/wp\/v2\/tags?post=466"}],"curies":[{"name":"wp","href":"https:\/\/api.w.org\/{rel}","templated":true}]}}