{"id":492,"date":"2013-05-23T18:23:49","date_gmt":"2013-05-23T16:23:49","guid":{"rendered":"http:\/\/www.lepennec.org\/partons\/?p=492"},"modified":"2013-05-30T16:49:48","modified_gmt":"2013-05-30T14:49:48","slug":"strasbourg-obendorf","status":"publish","type":"post","link":"https:\/\/www.lepennec.org\/partons\/strasbourg-obendorf\/","title":{"rendered":"Strasbourg &#8211; Oberndorf"},"content":{"rendered":"<style type=\"text\/css\"><!--\nP { margin-bottom: 0.21cm; }\n--><\/style>\n<p>23 mai. Un mois. Notre premier. Avec pr\u00e8s de 950 kilom\u00e8tres parcourus. Et des vacances qui commencent vraiment \u00e0 se transformer en voyage. Surtout depuis que nous avons pass\u00e9 la fronti\u00e8re allemande dimanche en fin d&rsquo;apr\u00e8s-midi, apr\u00e8s notre pause (bien mouill\u00e9e) de cinq jours \u00e0 Strasbourg. Notre arr\u00eat nous a toutefois fait du bien. Laisser les v\u00e9los au camping pour parcourir cette splendide ville, tr\u00e8s verte, entour\u00e9e d&rsquo;eau, travers\u00e9e par une multitude de pistes cyclables et de rues pi\u00e9tonnes. Le vieux centre est magnifique et l&rsquo;ambiance donne envie de redevenir \u00e9tudiant pour r\u00e9viser au soleil dans les nombreux parcs.<\/p>\n<p>Depuis que nous avons travers\u00e9 le Rhin notre \u00e9tude est surtout linguistique car nous ne comprenons plus rien (du moins, je ne comprends plus rien). Nous passons donc nos journ\u00e9es \u00e0 r\u00e9viser, non pas au soleil dans un parc, mais sous la pluie sur nos v\u00e9los, avec Ronan et le dictionnaire pour donner la le\u00e7on. Mais c&rsquo;est sans piti\u00e9 et il faut bien plonger. Me faire comprendre est alors un v\u00e9ritable tour de force.\u00a0Je baragouine, non sans effort, une phrase qui ressemble \u00e0 \u00ab\u00a0bonjou, elcusez-me, palez-vu france i anglish\u00a0?\u00a0\u00bb Si la personne r\u00e9pond par l&rsquo;affirmative je suis sauv\u00e9e, mais dans le cas contraire j&rsquo;ai le choix entre partir en courant, ce qui n&rsquo;est pas tr\u00e8s poli, ou utiliser mon \u00ab\u00a0body language\u00a0\u00bb, ou le langage non-verbal, accompagn\u00e9 de mots anglais prononc\u00e9s \u00e0 la mani\u00e8re allemande. Supermarket devient alors \u00ab\u00a0ZuuperrMarrkette\u00a0\u00bb. Ma technique fait bien rigoler Ronan qui m&rsquo;observe de loin. Il rigole un peu moins lorsque, si \u00e7a ne marche toujours pas, je sors ma derni\u00e8re carte et le pointe en disant \u00ab\u00a0he speake deutch, deutch\u00a0\u00bb.<\/p>\n<p align=\"LEFT\">\u00a0Il faut croire que notre m\u00e9thode est tout de m\u00eame efficace puisque c&rsquo;est de cette fa\u00e7on que nous avons r\u00e9ussi \u00e0 nous trouver un h\u00e9bergement lundi soir, alors qu&rsquo;il pleuvait sans rel\u00e2che depuis la matin\u00e9e. Monika et Wolfgang, un couple d&rsquo;une tr\u00e8s grande gentillesse, plein de douceur et d&rsquo;humour, nous ont accueillis dans leur maison. Elle est herboriste p\u00e9dagogue et nous a fait d\u00e9guster une multitude d&rsquo;herbes de son jardin que nous pouvons retrouver en grande partie dans la nature. Lui, qu&rsquo;Elouan a confondu avec le P\u00e8re-No\u00ebl avec sa belle barbe blanche et ses bretelles entourant son ventre un peu rond, a pass\u00e9 une bonne partie de la soir\u00e9e \u00e0 nous pr\u00e9parer un itin\u00e9raire pour notre travers\u00e9e de l&rsquo;Allemagne. Nous lui avons demand\u00e9 conseil car si notre parcours \u00e9tait assez cal\u00e9 de Nevers \u00e0 Strasbourg, notre entr\u00e9e en Allemagne marque \u00e9galement le d\u00e9but de l&rsquo;improvisation.<\/p>\n<p align=\"LEFT\">\u00a0Parmi les choses que nous voulions faire durant nos vacances \u00e0 Strasbourg, il nous tentait d&rsquo;envoyer de nouvelles demandes de Warmshower. Le r\u00e9seau nous a beaucoup plu et nous a permis de faire de tr\u00e8s belles rencontres (nous remercions d&rsquo;ailleurs du fond du c\u0153ur tous nos h\u00f4tes fran\u00e7ais pour leur g\u00e9n\u00e9rosit\u00e9, leurs bons conseils et leurs exp\u00e9riences partag\u00e9es). Pourtant, en regardant la carte, nous ne savions pas encore o\u00f9 nous allions et \u00e9tions incapables de d\u00e9cider. Nous laissons donc au hasard des chemins nos chances de rencontres et d&rsquo;h\u00e9bergement pour quelque temps.<\/p>\n<p align=\"LEFT\">Pour traverser la For\u00eat-Noire, tr\u00e8s montagneuse, nous avons finalement opt\u00e9 pour un parcours assez tranquille, mais tr\u00e8s joli, empruntant les vall\u00e9es du Kinsig et de la Schlintach pour rejoindre Schramberg avant d&rsquo;attaquer la mont\u00e9e sur le plateau qui nous a permis de rejoindre Obendorf hier en fin d&rsquo;apr\u00e8s-midi. La pluie nous accompagne maintenant presque tous les jours. Nos deux principales activit\u00e9s consistent \u00e0 chercher la piste cyclable, pr\u00e9sente entre chaque village mais pas toujours bien indiqu\u00e9e, et \u00e0 zigzaguer entre les limaces, escargots et verres de terre sur cette derni\u00e8re, lorsque nous l&rsquo;avons trouv\u00e9e. Nous sommes tellement habitu\u00e9s au ciel gris et \u00e0 la pluie que nous ne croyons m\u00eame plus qu&rsquo;il fera beau un jour&#8230; C&rsquo;est un peu comme des pleurs de b\u00e9b\u00e9, quand \u00e7a s&rsquo;installe on a l&rsquo;impression que \u00e7a ne va jamais s&rsquo;arr\u00eater\u00a0!<\/p>\n<p align=\"LEFT\">\u00a0Esp\u00e9rons qu&rsquo;apr\u00e8s la neige pr\u00e9vue vendredi nous aurons un peu de chaleur et de soleil,\u00a0parce qu&rsquo;\u00e9ponger la tente le soir avant de se coucher c&rsquo;est pas tr\u00e8s rigolo, on t\u00e9moigne!<\/p>\n<p align=\"LEFT\"><strong>Statistiques pour le premier mois\u00a0:<\/strong><\/p>\n<p align=\"LEFT\">26,30 \u20ac de d\u00e9penses moyennes par jour<\/p>\n<p align=\"LEFT\">945 km parcourus soit 39 km par jour roul\u00e9<\/p>\n<p align=\"LEFT\">7 nuits \u2013 r\u00e9seau Warmshower<\/p>\n<p align=\"LEFT\">10 nuits en camping sauvage<\/p>\n<p align=\"LEFT\">5 h\u00e9bergements spontan\u00e9s<\/p>\n<p align=\"LEFT\">8 nuits en camping payant dont 6 nuits \u00e0 Strasbourg<\/p>\n<p align=\"LEFT\">6 jours sans cigarettes pour Ronan<\/p>\n<p align=\"LEFT\">17 jours de pluie<\/p>\n<p align=\"LEFT\">7140m de d\u00e9nivel\u00e9 ascendant<\/p>\n<p align=\"LEFT\">Altitude maximum\u00a0: 1229m<\/p>\n","protected":false},"excerpt":{"rendered":"<p>23 mai. Un mois. Notre premier. Avec pr\u00e8s de 950 kilom\u00e8tres parcourus. Et des vacances qui commencent vraiment \u00e0 se transformer en voyage. Surtout depuis que nous avons pass\u00e9 la fronti\u00e8re allemande dimanche en fin d&rsquo;apr\u00e8s-midi, apr\u00e8s notre pause (bien mouill\u00e9e) de cinq jours \u00e0 Strasbourg. Notre arr\u00eat nous a toutefois fait du bien. Laisser [&hellip;]<\/p>\n","protected":false},"author":1,"featured_media":496,"comment_status":"open","ping_status":"open","sticky":false,"template":"","format":"standard","meta":{"footnotes":""},"categories":[4],"tags":[],"class_list":["post-492","post","type-post","status-publish","format-standard","has-post-thumbnail","hentry","category-carnets-de-route"],"_links":{"self":[{"href":"https:\/\/www.lepennec.org\/partons\/wp-json\/wp\/v2\/posts\/492","targetHints":{"allow":["GET"]}}],"collection":[{"href":"https:\/\/www.lepennec.org\/partons\/wp-json\/wp\/v2\/posts"}],"about":[{"href":"https:\/\/www.lepennec.org\/partons\/wp-json\/wp\/v2\/types\/post"}],"author":[{"embeddable":true,"href":"https:\/\/www.lepennec.org\/partons\/wp-json\/wp\/v2\/users\/1"}],"replies":[{"embeddable":true,"href":"https:\/\/www.lepennec.org\/partons\/wp-json\/wp\/v2\/comments?post=492"}],"version-history":[{"count":10,"href":"https:\/\/www.lepennec.org\/partons\/wp-json\/wp\/v2\/posts\/492\/revisions"}],"predecessor-version":[{"id":551,"href":"https:\/\/www.lepennec.org\/partons\/wp-json\/wp\/v2\/posts\/492\/revisions\/551"}],"wp:featuredmedia":[{"embeddable":true,"href":"https:\/\/www.lepennec.org\/partons\/wp-json\/wp\/v2\/media\/496"}],"wp:attachment":[{"href":"https:\/\/www.lepennec.org\/partons\/wp-json\/wp\/v2\/media?parent=492"}],"wp:term":[{"taxonomy":"category","embeddable":true,"href":"https:\/\/www.lepennec.org\/partons\/wp-json\/wp\/v2\/categories?post=492"},{"taxonomy":"post_tag","embeddable":true,"href":"https:\/\/www.lepennec.org\/partons\/wp-json\/wp\/v2\/tags?post=492"}],"curies":[{"name":"wp","href":"https:\/\/api.w.org\/{rel}","templated":true}]}}