{"id":527,"date":"2013-05-30T16:47:57","date_gmt":"2013-05-30T14:47:57","guid":{"rendered":"http:\/\/www.lepennec.org\/partons\/?p=527"},"modified":"2013-05-30T16:47:57","modified_gmt":"2013-05-30T14:47:57","slug":"oberndorf-ulm","status":"publish","type":"post","link":"https:\/\/www.lepennec.org\/partons\/oberndorf-ulm\/","title":{"rendered":"\u00d6bernd\u00f6rf &#8211; \u00dclm"},"content":{"rendered":"<p>Ce printemps restera peut-\u00eatre dans les annales des printemps les plus pourris de ces derni\u00e8res d\u00e9cennies. Une chose est s\u00fbre, il restera dans nos m\u00e9moires pendant longtemps, la pluie et le froid ne nous quittent que de mani\u00e8re sporadique et nous avons plus ou moins accept\u00e9 ce passager encombrant en esp\u00e9rant qu&rsquo;un jour il se fasse la malle.<\/p>\n<p>Pour nous remonter le moral, nous nous mijotons de bons petits plats \u00e0 la mode camping, nous faisons montre d&rsquo;une grande d\u00e9termination pour nous pr\u00e9parer avec l&rsquo;aide de notre petit r\u00e9chaud, des falafels, des soupes miso ou des asperges. Rassurez vous, nous laissons aussi de la place pour des choses bien d\u00e9gueulasses comme des saucisses en bo\u00eete et nous engloutissons des quantit\u00e9s faramineuses de bonbons et de chocolat, cela reste d&rsquo;excellents remontants.<\/p>\n<p>Nous avons v\u00e9cu, nous l&rsquo;esp\u00e9rons, notre pire journ\u00e9e depuis notre d\u00e9part ce dimanche 26 mai. Le thermom\u00e8tre n&rsquo;a pas d\u00e9pass\u00e9 les 5\u00b0C aux heures les plus chaudes de la journ\u00e9e. Un vent de face glacial et une pluie battante se sont abattus sur nous \u00e0 partir de 11h et ne nous ont quitt\u00e9s que le lendemain.<\/p>\n<p>D\u00e9cid\u00e9s \u00e0 passer la nuit au chaud, nous avons suivi les conseils d&rsquo;un couple de randonneurs nous recommandant chaudement un refuge situ\u00e9 \u00e0 1km de l\u00e0 en pleine montagne. Ce fut l&rsquo;ascension la plus cauchemardesque que nous ayons v\u00e9cue jusqu&rsquo;ici. \u00a03 km de mont\u00e9e avec des pentes \u00e0 20\u00a0%, en pouvant \u00e0 peine \u00a0pousser les v\u00e9los. Arriv\u00e9s au sommet, le refuge en question \u00e9tait ferm\u00e9. Nous avons donc plant\u00e9 la tente \u00e0 869m d&rsquo;altitude par 2\u00b0C. Au final et contre toute attente, nous avons tr\u00e8s bien dormi.<\/p>\n<p>Ce temps maussade nous rend aussi un peu caract\u00e9riels. \u00c0 tour de r\u00f4le, nous encha\u00eenons les sautes d&rsquo;humeur et avons tendance \u00e0 faire la t\u00eate pour un oui ou pour un non. Je gueule parce qu&rsquo;on ne va pas assez vite et Sandrine s&rsquo;\u00e9nerve car j&rsquo;ai mang\u00e9 deux carr\u00e9s de chocolat tout seul dans mon coin.<\/p>\n<p>Heureusement, le ciel se montre de temps en temps un peu plus cl\u00e9ment et nous profitons pleinement de ces journ\u00e9es o\u00f9 le soleil daigne montrer le bout de son nez.<\/p>\n<p>Nous avons ainsi pu profiter de T\u00fcbingen, petite ville universitaire de 100 000 habitants \u2013 tr\u00e8s dynamique au premier abord et agr\u00e9able avec ses rues pi\u00e9tonnes, ses grands parcs et ses bords de rivi\u00e8re am\u00e9nag\u00e9e. C&rsquo;est dans cette ville que nous avons \u00e9galement fait la connaissance de Sebastian &amp; Sonya, un jeune couple de biologistes partis un an \u00e0 v\u00e9lo en Turquie, Syrie et Tha\u00eflande. Ils nous ont invit\u00e9 pour la soir\u00e9e dans leur petit appartement et ce fut une tr\u00e8s belle rencontre. Sebastian a r\u00e9pondu \u00e0 toutes nos interrogations sur la Turquie, pays qu&rsquo;il a travers\u00e9 plusieurs fois \u00e0 v\u00e9lo. Il nous a \u00e9galement conseill\u00e9 sur les routes \u00e0 suivre pour la suite de notre trajet en Allemagne. Au petit matin, il a bourr\u00e9 nos sacoches de bonbons et de chocolat sachant bien le genre de plaisir que peut procurer ses petites sucreries pour un cycliste mouill\u00e9.<\/p>\n<p>En ce qui concerne les paysages, l&rsquo;Allemagne que nous traversons est tr\u00e8s belle. Les pistes cyclables que nous empruntons nous rallongent bien la route mais nous permettent certainement d&rsquo;\u00e9viter des zones sinistres et des routes au trafic \u00e9lev\u00e9. Apr\u00e8s T\u00fcbingen, nous sommes arriv\u00e9s dans les Alpes Souabiches. Sebastian a tent\u00e9 de nous expliquer la formation de cette cha\u00eene de montagne mais ce ne fut pas tr\u00e8s clair pour nous. Apparemment, si nous avons bien compris, il y avait une \u00e9tendue d&rsquo;eau il y a fort longtemps et beaucoup d&rsquo;animaux y sont morts laissant quantit\u00e9 de s\u00e9diments. Puis un jour, la mer s&rsquo;est retir\u00e9e et un plateau calcaire s&rsquo;est form\u00e9 \u00e0 750m d&rsquo;altitude, entour\u00e9 de petites collines de 2 \u00e0 300 m de hauteur. Cette Allemagne est belle mais nous aimerions la voir parfois sous un autre jour, un peu plus ensoleill\u00e9 on va dire.<\/p>\n<p>Mercredi, nous avons rejoins Ulm et sa c\u00e9l\u00e8bre cath\u00e9drale et cela marque une \u00e9tape importante dans notre travers\u00e9e de l&rsquo;Allemagne. Tout d&rsquo;abord, Ulm est la derni\u00e8re ville du Land de Baden-Wurtenberg, nous entrons en Bavi\u00e8re juste apr\u00e8s. Nous en sommes aussi \u00e0 peu pr\u00e8s \u00e0 la moiti\u00e9 de notre travers\u00e9e de l&rsquo;Allemagne. Enfin, nous avons rejoins le Danube \u00e0 Ulm et c&rsquo;est fou de penser que nous pourrions suivre ce fleuve jusqu&rsquo;\u00e0 la Mer Noire.<\/p>\n<p>PS\u00a01 : Merci \u00e0 tous pour vos nombreux commentaires. Sachez que nous prenons le temps de les lire et qu&rsquo;ils nous font un grand bien. Nous aimerions bien y r\u00e9pondre mais passer du temps sur Internet est tr\u00e8s compliqu\u00e9.<\/p>\n<p>PS 2\u00a0: Mais que fait la p\u00e9dale en folie pour nous aider avec ce temps de merde?<\/p>\n","protected":false},"excerpt":{"rendered":"<p>Ce printemps restera peut-\u00eatre dans les annales des printemps les plus pourris de ces derni\u00e8res d\u00e9cennies. Une chose est s\u00fbre, il restera dans nos m\u00e9moires pendant longtemps, la pluie et le froid ne nous quittent que de mani\u00e8re sporadique et nous avons plus ou moins accept\u00e9 ce passager encombrant en esp\u00e9rant qu&rsquo;un jour il se [&hellip;]<\/p>\n","protected":false},"author":1,"featured_media":538,"comment_status":"open","ping_status":"open","sticky":false,"template":"","format":"standard","meta":{"footnotes":""},"categories":[4],"tags":[],"class_list":["post-527","post","type-post","status-publish","format-standard","has-post-thumbnail","hentry","category-carnets-de-route"],"_links":{"self":[{"href":"https:\/\/www.lepennec.org\/partons\/wp-json\/wp\/v2\/posts\/527","targetHints":{"allow":["GET"]}}],"collection":[{"href":"https:\/\/www.lepennec.org\/partons\/wp-json\/wp\/v2\/posts"}],"about":[{"href":"https:\/\/www.lepennec.org\/partons\/wp-json\/wp\/v2\/types\/post"}],"author":[{"embeddable":true,"href":"https:\/\/www.lepennec.org\/partons\/wp-json\/wp\/v2\/users\/1"}],"replies":[{"embeddable":true,"href":"https:\/\/www.lepennec.org\/partons\/wp-json\/wp\/v2\/comments?post=527"}],"version-history":[{"count":2,"href":"https:\/\/www.lepennec.org\/partons\/wp-json\/wp\/v2\/posts\/527\/revisions"}],"predecessor-version":[{"id":547,"href":"https:\/\/www.lepennec.org\/partons\/wp-json\/wp\/v2\/posts\/527\/revisions\/547"}],"wp:featuredmedia":[{"embeddable":true,"href":"https:\/\/www.lepennec.org\/partons\/wp-json\/wp\/v2\/media\/538"}],"wp:attachment":[{"href":"https:\/\/www.lepennec.org\/partons\/wp-json\/wp\/v2\/media?parent=527"}],"wp:term":[{"taxonomy":"category","embeddable":true,"href":"https:\/\/www.lepennec.org\/partons\/wp-json\/wp\/v2\/categories?post=527"},{"taxonomy":"post_tag","embeddable":true,"href":"https:\/\/www.lepennec.org\/partons\/wp-json\/wp\/v2\/tags?post=527"}],"curies":[{"name":"wp","href":"https:\/\/api.w.org\/{rel}","templated":true}]}}