{"id":554,"date":"2013-06-08T17:16:24","date_gmt":"2013-06-08T15:16:24","guid":{"rendered":"http:\/\/www.lepennec.org\/partons\/?p=554"},"modified":"2013-06-09T14:42:14","modified_gmt":"2013-06-09T12:42:14","slug":"ulm-regensburg","status":"publish","type":"post","link":"https:\/\/www.lepennec.org\/partons\/ulm-regensburg\/","title":{"rendered":"\u00dclm &#8211; Regensburg"},"content":{"rendered":"<style type=\"text\/css\"><!--\nP { margin-bottom: 0.21cm; }\n--><\/style>\n<p>D\u00e9cid\u00e9ment, nous sommes vraiment chanceux. Deux fois plut\u00f4t qu&rsquo;une. Apr\u00e8s les inondations en C\u00f4te-d-Or, nous avons eu droit \u00e0 nos inondations en Allemagne\u00a0! Il a tellement plu la semaine derni\u00e8re que nous n&rsquo;avons pas \u00e9t\u00e9 \u00e9tonn\u00e9 lorsque les rivi\u00e8res ont commenc\u00e9 \u00e0 d\u00e9border de leur lit, nous n&rsquo;aurions cependant jamais imagin\u00e9 qu&rsquo;un \u00e9v\u00e9nement d&rsquo;ampleur nationale \u00e9tait entrain d&rsquo;avoir lieu. Ils disent que c&rsquo;est une \u00ab\u00a0Kataaasssstroffeee\u00a0\u00bb\u00a0! Nous avons pu voir la largeur du Danube quadrupler en quelques jours mais c&rsquo;est dans le sud-est, \u00e0 Passau, que les d\u00e9g\u00e2ts ont \u00e9t\u00e9 les plus importants. Il parra\u00eet que le niveau de l&rsquo;eau est mont\u00e9 de 12,5m. C&rsquo;est une chance que nous ayons d\u00e9cid\u00e9 de ne pas le suivre plus longtemps car nous aurions \u00e9t\u00e9 forc\u00e9 de trouver un autre itin\u00e9raire. \u00c0 partir de Maxheim, toutes les routes le long du fleuve \u00e9taient bloqu\u00e9es.<\/p>\n<p>En plus notre histoire avec le Danube n&rsquo;aura pas \u00e9t\u00e9 un fol amour. Les quatre jours en sa compagnie, de Ulm \u00e0 Donauworth, auront \u00e9t\u00e9 les plus mouill\u00e9s et inint\u00e9ressants depuis notre d\u00e9part. La piste cyclable sur ce tron\u00e7on passe principalement dans des for\u00eats exploit\u00e9es, pas tr\u00e8s jolies, avec comme chemin des pistes caillouteuses et boueuses qui nous ont pouss\u00e9es \u00e0 suivre la route principale traversant surtout des zones industrielles et commerciales, expos\u00e9es au vent et \u00e0 la pluie. Dans ces conditions, nous utilisons toutes les possibilit\u00e9s pour passer nos pauses prot\u00e9g\u00e9s. Car c&rsquo;est finalement lorsqu&rsquo;on s&rsquo;arr\u00eate de p\u00e9daler que \u00e7a devient p\u00e9nible. Lorsqu&rsquo;on avance, bien habill\u00e9s, avec veste et pantalon de pluie, sur-chaussures imperm\u00e9ables, capuche et gants, et que l&rsquo;on ne ressent ni le froid, ni l&rsquo;humidit\u00e9, on s&rsquo;y plairait presque. C&rsquo;est donc une gare, un espace restauration de centre commercial, un petit kebab et quelques abris bus qui nous auront servi d&rsquo;abris pour nous r\u00e9chauffer en regardant la pluie tomber et le vent souffler. Mais c&rsquo;est beaucoup plus difficile de repartir lorsqu&rsquo;on est \u00e0 l&rsquo;int\u00e9rieur&#8230;<\/p>\n<p>Toutefois, dimanche dernier, apr\u00e8s quatre jours de pluie et de camping sauvage bien mouill\u00e9, en quittant l&rsquo;abri bus o\u00f9 nous avions grignot\u00e9, et en imaginant monter la tente sous la pluie, j&rsquo;ai dit \u00e0 Ronan \u00ab\u00a0ce soir, on s&rsquo;organise pour faire assez piti\u00e9 et se faire inviter\u00a0\u00bb. Je ne croyais pas si bien dire\u00a0! En allant remplir notre vache \u00e0 eau au robinet pr\u00e8s de l&rsquo;\u00e9glise du village, une famille nous a abord\u00e9. Nous avons r\u00e9pondu \u00e0 toute leurs questions et en avons profit\u00e9, comme d&rsquo;habitude, pour demander conseil pour un endroit o\u00f9 monter la tente. Mais plut\u00f4t que de nous inviter chez eux, ils sont repartis dans leur voiture en nous trouvant bien courageux et en nous laissant sous la pluie, avec notre courage un peu humide et frip\u00e9 dans nos chaussettes. Nous avons donc d\u00e9cid\u00e9 d&rsquo;opter pour la tactique plus directe\u00a0: aller demander pour planter la tente sur un terrain priv\u00e9 en esp\u00e9rant obtenir une option \u00ab\u00a0int\u00e9rieure\u00a0\u00bb. Une belle maison avec un immense jardin et un pr\u00e8s adjacent s&rsquo;offrait justement \u00e0 nous 50m plus bas. Un homme \u00e9tait dans l&rsquo;entr\u00e9e lorsque nous sommes arriv\u00e9s, j&rsquo;ai donc encha\u00een\u00e9 directement ma demande pour camper sur leur terrain. Puis je me suis aper\u00e7u que le jardin en question \u00e9tait rudement beau et hyper entretenu. L&rsquo;homme a h\u00e9sit\u00e9 et est parti. Il est revenu peu de temps apr\u00e8s avec sa femme qui nous a expliqu\u00e9 que tout cela \u00e9tait bien int\u00e9ressant mais que son jardin \u00e9tait priv\u00e9. Puis Yana\u00ebl a commenc\u00e9 \u00e0 pleurer et elle a r\u00e9alis\u00e9 avec effroi en tournant autour de la remorque qu&rsquo;il y avait un b\u00e9b\u00e9 de 8 mois \u00e0 l&rsquo;int\u00e9rieur. Elle nous a donc fait entrer derechef dans la cour en nous annon\u00e7ant qu&rsquo;elle allait nous pr\u00e9parer la chambre d&rsquo;amis&#8230;. Un peu g\u00ean\u00e9s tout de m\u00eame, nous sommes entr\u00e9s et avons compris que nous venions de nous inviter dans une maison dont on oserait \u00e0 peine r\u00eaver. Le contraste entre notre \u00e9tat de voyageurs mouill\u00e9s, boueux et crasseux et leur magnifique demeure cossue et entretenue \u00e9tait tellement frappante que j&rsquo;ai pri\u00e9 en mon for int\u00e9rieur pour que le pantalon d&rsquo;Elouan ne soit pas compl\u00e8tement sale sous son pantalon de pluie. Et je n&rsquo;ai jamais \u00e9t\u00e9 si contente d&rsquo;avoir choisi, lors de la pr\u00e9paration de ma sacoche avant de partir, mon pantalon en lin beige, assez habill\u00e9, plut\u00f4t que mon vieux pantalon noir, plus confortable mais us\u00e9, d\u00e9lav\u00e9 et deux fois trop grand qui m&rsquo;aurait fait sentir encore plus clocharde en sortant de la douche. Heureusement, Astrit et Fritz nous ont vite fait oublier notre diff\u00e9rence de classe sociale et nous ont re\u00e7u comme des princes. Nous avons pass\u00e9 une soir\u00e9e tr\u00e8s agr\u00e9able en leur compagnie pour repartir le lundi matin, encore sous la pluie, avec une bouteille de vin et du chocolat\u00a0!<\/p>\n<p>Notre journ\u00e9e de v\u00e9lo n&rsquo;aura toutefois pas \u00e9t\u00e9 tr\u00e8s longue. Alors que nous \u00e9tions arr\u00eat\u00e9s manger \u00e0 midi dans un autre abri bus, un homme est venu nous parler. Impressionn\u00e9s par notre situation mais inquiet devant les conditions climatiques, il est revenu nous inviter \u00e0 prendre le caf\u00e9 chez eux. Sur la table, une p\u00e2tisserie et des tasses \u00e0 caf\u00e9 \u00e9taient d\u00e9j\u00e0 dress\u00e9es. Nous avons pass\u00e9s l&rsquo;apr\u00e8s-midi \u00e0 parler de la Bretagne o\u00f9 sa femme et lui sont all\u00e9s plusieurs fois. Manfred ne cessera pas de r\u00e9p\u00e9ter \u00ab\u00a0ma Dou\u00e9\u00a0\u00bb (mon Dieu, en breton) devant nos perspectives de voyage. L&rsquo;invitation pour la pause Kaffee und Kuchen (caf\u00e9 et p\u00e2tisserie) s&rsquo;est transform\u00e9e en invitation pour la nuit que nous avons vite fait d&rsquo;accepter. De toute fa\u00e7on nous ne pouvions pas aller tr\u00e8s loin, toutes les routes \u00e9taient bloqu\u00e9es aux alentours.<\/p>\n<p>Nous avons repris la route mardi sous un ciel de plus en plus cl\u00e9ment, pour aller chercher la vall\u00e9e de l&rsquo;Altm\u00fclh que nous pourrions ais\u00e9ment rebaptiser \u00ab\u00a0la vall\u00e9e des sexag\u00e9naires en balade organis\u00e9e \u00e0 v\u00e9lo\u00a0\u00bb. La journ\u00e9e de mardi \u00e0 Eichstatt, petite ville \u00e9tudiante tr\u00e8s mignonne, aura servie de pause pour laver tous nos v\u00eatements \u00e0 la laverie automatique. En partant de chez Manfred et Elsa nous nous \u00e9tions rendu compte que ce n&rsquo;\u00e9tait pas leur garage qui puait mais la remorque avec plusieurs v\u00eatements suspendus qui n&rsquo;avaient jamais r\u00e9ussi \u00e0 s\u00e9cher.<\/p>\n<p>Il fait un temps magnifique depuis mardi, soit cinq jours d&rsquo;affil\u00e9s, notre record\u00a0! C&rsquo;est tellement bon que nous y croyons \u00e0 peine\u00a0!En plus la route jusqu&rsquo;\u00e0 Regensbourg \u00e9tait vraiment jolie. Nous avons avanc\u00e9 gaiement sous le soleil, profitant des parcs, bords de rivi\u00e8res et petits villages travers\u00e9s. Nous restons visiter la ville demain avant de repartir vers la fronti\u00e8re. Nous devrions arriver en R\u00e9publique Tch\u00e8que mercredi. Prague et les parents de Ronan nous y attendent pour le 24 juin.<\/p>\n<p>&nbsp;<\/p>\n<p>&nbsp;<\/p>\n<p>&nbsp;<\/p>\n<p>&nbsp;<\/p>\n","protected":false},"excerpt":{"rendered":"<p>D\u00e9cid\u00e9ment, nous sommes vraiment chanceux. Deux fois plut\u00f4t qu&rsquo;une. Apr\u00e8s les inondations en C\u00f4te-d-Or, nous avons eu droit \u00e0 nos inondations en Allemagne\u00a0! Il a tellement plu la semaine derni\u00e8re que nous n&rsquo;avons pas \u00e9t\u00e9 \u00e9tonn\u00e9 lorsque les rivi\u00e8res ont commenc\u00e9 \u00e0 d\u00e9border de leur lit, nous n&rsquo;aurions cependant jamais imagin\u00e9 qu&rsquo;un \u00e9v\u00e9nement d&rsquo;ampleur nationale [&hellip;]<\/p>\n","protected":false},"author":1,"featured_media":555,"comment_status":"open","ping_status":"open","sticky":false,"template":"","format":"standard","meta":{"footnotes":""},"categories":[4],"tags":[],"class_list":["post-554","post","type-post","status-publish","format-standard","has-post-thumbnail","hentry","category-carnets-de-route"],"_links":{"self":[{"href":"https:\/\/www.lepennec.org\/partons\/wp-json\/wp\/v2\/posts\/554","targetHints":{"allow":["GET"]}}],"collection":[{"href":"https:\/\/www.lepennec.org\/partons\/wp-json\/wp\/v2\/posts"}],"about":[{"href":"https:\/\/www.lepennec.org\/partons\/wp-json\/wp\/v2\/types\/post"}],"author":[{"embeddable":true,"href":"https:\/\/www.lepennec.org\/partons\/wp-json\/wp\/v2\/users\/1"}],"replies":[{"embeddable":true,"href":"https:\/\/www.lepennec.org\/partons\/wp-json\/wp\/v2\/comments?post=554"}],"version-history":[{"count":3,"href":"https:\/\/www.lepennec.org\/partons\/wp-json\/wp\/v2\/posts\/554\/revisions"}],"predecessor-version":[{"id":580,"href":"https:\/\/www.lepennec.org\/partons\/wp-json\/wp\/v2\/posts\/554\/revisions\/580"}],"wp:featuredmedia":[{"embeddable":true,"href":"https:\/\/www.lepennec.org\/partons\/wp-json\/wp\/v2\/media\/555"}],"wp:attachment":[{"href":"https:\/\/www.lepennec.org\/partons\/wp-json\/wp\/v2\/media?parent=554"}],"wp:term":[{"taxonomy":"category","embeddable":true,"href":"https:\/\/www.lepennec.org\/partons\/wp-json\/wp\/v2\/categories?post=554"},{"taxonomy":"post_tag","embeddable":true,"href":"https:\/\/www.lepennec.org\/partons\/wp-json\/wp\/v2\/tags?post=554"}],"curies":[{"name":"wp","href":"https:\/\/api.w.org\/{rel}","templated":true}]}}