{"id":606,"date":"2013-06-16T08:44:57","date_gmt":"2013-06-16T06:44:57","guid":{"rendered":"http:\/\/www.lepennec.org\/partons\/?p=606"},"modified":"2013-06-16T08:44:57","modified_gmt":"2013-06-16T06:44:57","slug":"nos-debuts-tcheques","status":"publish","type":"post","link":"https:\/\/www.lepennec.org\/partons\/nos-debuts-tcheques\/","title":{"rendered":"Nos d\u00e9buts tch\u00e8ques"},"content":{"rendered":"<style type=\"text\/css\"><!--\nP { margin-bottom: 0.21cm; }\n--><\/style>\n<p>C&rsquo;est par un petit chemin forestier serpentant dans les collines que nous avons franchi la fronti\u00e8re entre l&rsquo;Allemagne et la R\u00e9publique Tch\u00e8que, avec l&rsquo;autoroute et l&rsquo;ancien poste fronti\u00e8re en contrebas.<\/p>\n<p>Alors bien s\u00fbr, \u00e7a ne ressemble pas vraiment \u00e0 une fronti\u00e8re puisqu&rsquo;\u00e0 part le petit panneau de bois indiquant que nous rentrions en Ceska Respublike rien ne laissait supposer que nous \u00e9tions dans un nouveau pays.<\/p>\n<p>Nous avons plant\u00e9 la tente dans un champs un peu plus loin et quelques minutes plus tard, je salue deux marcheurs venant dans notre direction afin de leur demander s&rsquo;il \u00e9tait possible de camper ici. Je d\u00e9bute par l&rsquo;anglais, j&rsquo;encha\u00eene par le fran\u00e7ais et me raccroche \u00e0 mes bribes d&rsquo;allemand et prend mesure d&rsquo;\u00f4 combien il est difficile de communiquer lorsqu&rsquo;on ne sait m\u00eame pas dire bonjour, merci ou m\u00eame oui \u00e0 son interlocuteur.<\/p>\n<p>Il faut dire que nous avons franchi cette fronti\u00e8re la fleur au fusil, nous ne connaissions pas le moindre mot tch\u00e8que et ne savions m\u00eame pas le taux de change entre l&rsquo;euro et la couronne.<\/p>\n<p>Le lendemain, nous avons pris la direction de Babylon afin de nous reposer au camping situ\u00e9 \u00e0 8km de l\u00e0. Nous avons repris la route &#8211; sereins &#8211; avec pour objectifs de trouver de l&rsquo;argent et une \u00e9picerie. Mais \u00e0 Babylon, on nous indique en allemand, que le distributeur le plus proche est \u00e0 10km de l\u00e0. Nous remontons sur nos montures pour nous rendre \u00e0 Domalizce et aussit\u00f4t apr\u00e8s avoir retir\u00e9 de l&rsquo;argent, Sandrine court acheter un dictionnaire. Nous ne ma\u00eetrisons certes pas la prononciation mais au moins on peut faire semblant.<\/p>\n<p>Au final, nous aurons quand m\u00eame roul\u00e9s 37km pour cette journ\u00e9e de repos. Depuis Strasbourg, il n&rsquo;y a pas une journ\u00e9e o\u00f9 nous n&rsquo;ayons pas fait de v\u00e9lo et nos corps commencent \u00e0 faire la grimace, surtout le mien. Et comme dirait je ne sais pas qui, un corps fatigu\u00e9, \u00e7a n&rsquo;est jamais tr\u00e8s bon pour le moral.<\/p>\n<p>Apr\u00e8s cette tentative rat\u00e9e de jour de repos, nous avons d\u00e9cid\u00e9 de se donner une nouvelle chance le lendemain. Mais voil\u00e0 que j&rsquo;ai eu la tr\u00e8s mauvaise id\u00e9e de me lancer \u00e0 la recherche d&rsquo;une \u00e9picerie. Je suis parti sur les coups de 11 heures avec l&rsquo;id\u00e9e de trouver un peu de pain et un bout de fromage. Un petit boui boui m&rsquo;aurait suffit mais les villages que nous traversons sont plus d\u00e9serts les uns que les autres. Je suis finalement revenu \u00e0 14h30, les sacoches pleines mais bien fatigu\u00e9 apr\u00e8s cette petite escapade de 32km. Vivement Prague et la vraie coupure que nous allons pouvoir nous offrir.<\/p>\n<p>Pour le moment, la R\u00e9publique Tch\u00e8que offre de tr\u00e8s beaux paysages vallonn\u00e9s et les quelques villes que nous traversons offrent quelques joyaux architecturaux. Les prix sont assez proches de ceux pratiqu\u00e9s en Allemagne, \u00e0 l&rsquo;exception de la bi\u00e8re bien \u00e9videment et des campings, trois fois moins chers.<\/p>\n<p>Pour le reste, le printemps semble s&rsquo;\u00eatre install\u00e9 pour de bon et nous profitons de belles journ\u00e9es ensoleill\u00e9s et de temp\u00e9ratures \u00e0 faire p\u00e2lir nos amis bretons.<\/p>\n<p>Nous laissons derri\u00e8re nous l&rsquo;Allemagne, un pays que nous avons aim\u00e9 traverser. Il offre beaucoup d\u2019infrastructures pour les familles, de beaux parcs, des aires de jeux tr\u00e8s naturelles et inventives et de multiples pistes cyclables. Malheureusement ou heureusement, c&rsquo;est un pays boud\u00e9 par les Fran\u00e7ais et les touristes \u00e9trangers qui lui pr\u00e9f\u00e8rent les plages espagnoles ou italiennes.<\/p>\n<p>\u00ab\u00a0 Si on compare le tourisme de la France avec celui de l&rsquo;Allemagne, on peut constater qu&rsquo;en 2004, 14 millions d&rsquo;Allemands se sont rendus en France alors que 912 000 Fran\u00e7ais sont all\u00e9s en Allemagne. Dans la m\u00eame ann\u00e9e, 20,1 millions de visiteurs \u00e9trangers ont \u00e9t\u00e9 comptabilis\u00e9s en Allemagne, contre 74 millions en France et 34 millions en Italie.\u00a0\u00bb<\/p>\n<p>En plus, l&rsquo;Allemagne n&rsquo;a rien \u00e0 envier aux pays du Sud en ce qui concerne ses conditions climatiques&#8230;.<\/p>\n<p>&nbsp;<\/p>\n<p>&nbsp;<\/p>\n<p>&nbsp;<\/p>\n<p>&nbsp;<\/p>\n","protected":false},"excerpt":{"rendered":"<p>C&rsquo;est par un petit chemin forestier serpentant dans les collines que nous avons franchi la fronti\u00e8re entre l&rsquo;Allemagne et la R\u00e9publique Tch\u00e8que, avec l&rsquo;autoroute et l&rsquo;ancien poste fronti\u00e8re en contrebas. Alors bien s\u00fbr, \u00e7a ne ressemble pas vraiment \u00e0 une fronti\u00e8re puisqu&rsquo;\u00e0 part le petit panneau de bois indiquant que nous rentrions en Ceska Respublike [&hellip;]<\/p>\n","protected":false},"author":1,"featured_media":599,"comment_status":"open","ping_status":"open","sticky":false,"template":"","format":"standard","meta":{"footnotes":""},"categories":[4],"tags":[],"class_list":["post-606","post","type-post","status-publish","format-standard","has-post-thumbnail","hentry","category-carnets-de-route"],"_links":{"self":[{"href":"https:\/\/www.lepennec.org\/partons\/wp-json\/wp\/v2\/posts\/606","targetHints":{"allow":["GET"]}}],"collection":[{"href":"https:\/\/www.lepennec.org\/partons\/wp-json\/wp\/v2\/posts"}],"about":[{"href":"https:\/\/www.lepennec.org\/partons\/wp-json\/wp\/v2\/types\/post"}],"author":[{"embeddable":true,"href":"https:\/\/www.lepennec.org\/partons\/wp-json\/wp\/v2\/users\/1"}],"replies":[{"embeddable":true,"href":"https:\/\/www.lepennec.org\/partons\/wp-json\/wp\/v2\/comments?post=606"}],"version-history":[{"count":1,"href":"https:\/\/www.lepennec.org\/partons\/wp-json\/wp\/v2\/posts\/606\/revisions"}],"predecessor-version":[{"id":607,"href":"https:\/\/www.lepennec.org\/partons\/wp-json\/wp\/v2\/posts\/606\/revisions\/607"}],"wp:featuredmedia":[{"embeddable":true,"href":"https:\/\/www.lepennec.org\/partons\/wp-json\/wp\/v2\/media\/599"}],"wp:attachment":[{"href":"https:\/\/www.lepennec.org\/partons\/wp-json\/wp\/v2\/media?parent=606"}],"wp:term":[{"taxonomy":"category","embeddable":true,"href":"https:\/\/www.lepennec.org\/partons\/wp-json\/wp\/v2\/categories?post=606"},{"taxonomy":"post_tag","embeddable":true,"href":"https:\/\/www.lepennec.org\/partons\/wp-json\/wp\/v2\/tags?post=606"}],"curies":[{"name":"wp","href":"https:\/\/api.w.org\/{rel}","templated":true}]}}