{"id":610,"date":"2013-06-23T18:29:10","date_gmt":"2013-06-23T16:29:10","guid":{"rendered":"http:\/\/www.lepennec.org\/partons\/?p=610"},"modified":"2013-06-23T18:29:10","modified_gmt":"2013-06-23T16:29:10","slug":"plzen","status":"publish","type":"post","link":"https:\/\/www.lepennec.org\/partons\/plzen\/","title":{"rendered":"Plzen"},"content":{"rendered":"<style type=\"text\/css\"><!--\nP { margin-bottom: 0.21cm; }\n--><\/style>\n<p>Notre voyage a bien failli s&rsquo;arr\u00eater lundi. Tragiquement.<\/p>\n<p align=\"JUSTIFY\">Un monospace tirant une grosse remorque a violemment percut\u00e9 le chariot alors que Ronan \u00e9tait \u00e0 l&rsquo;arr\u00eat sur le bas-c\u00f4t\u00e9. Il \u00e9tait 10h du matin, nous venions tout juste de quitter l&rsquo;endroit o\u00f9 nous avions pass\u00e9 la nuit. Je suivais Ronan de quelques minutes \u00e0 peine, mais j&rsquo;\u00e9tais toujours en train de pousser mon v\u00e9lo hors du champs lorsque j&rsquo;ai entendu un fort bruit d&rsquo;impact suivi d&rsquo;un cri de Ronan. J&rsquo;ai compris que le pire \u00e9tait arriv\u00e9. Lorsque je suis arriv\u00e9e sur la route en courant, j&rsquo;ai vu la remorque pench\u00e9e et le v\u00e9lo de Ronan par terre. Mon c\u0153ur a bien failli arr\u00eater de battre. J&rsquo;ai couru en criant. Puis arriv\u00e9 pr\u00e8s d&rsquo;eux, Ronan m&rsquo;a rassur\u00e9 en me disant que tout semblait bien aller. Nous avons sortis les enfants de la remorque en tremblant mais nous \u00e9tions finalement plus traumatis\u00e9s qu&rsquo;eux. Ils ont pleur\u00e9 sous le choc de l&rsquo;impact mais plus de peur que de mal.<\/p>\n<p align=\"JUSTIFY\">Nous avons \u00e9t\u00e9 \u00e0 la fois chanceux et malchanceux. Chanceux parce que nous avons \u00e9chapp\u00e9 \u00e0 un accident tr\u00e8s grave. La roue gauche du chariot \u00e9tait compl\u00e8tement broy\u00e9e, l&rsquo;attache entre la remorque et le timon sectionn\u00e9 net, la sacoche arri\u00e8re gauche de Ronan totalement \u00e9ventr\u00e9e et propuls\u00e9e 15 m\u00e8tres plus loin. Quelques centim\u00e8tres de plus \u00e0 droite et nous osons \u00e0 peine imaginer ce qui aurait pu arriver.<\/p>\n<p align=\"JUSTIFY\">Malchanceux parce que nous \u00e9tions sur une petite route, plut\u00f4t tranquille, en ligne droite, ni \u00e0 contre-jour, ni dans un tournant dangereux. Il n&rsquo;y avait pas de voiture en sens inverse. Bref, aucune raison pour que le conducteur ne voit pas le v\u00e9lo. Nous pensons qu&rsquo;il ne regardait pas la route et qu&rsquo;il a lev\u00e9 les yeux trop tard.<\/p>\n<p align=\"JUSTIFY\">Nous ne saurons pas vraiment ce qui s&rsquo;est pass\u00e9 parce que l&rsquo;homme en question ne comprenait pas un mot de fran\u00e7ais ou d&rsquo;anglais. Nous l&rsquo;avons donc engueul\u00e9 sans qu&rsquo;il n&rsquo;y comprenne grand chose mais il est rest\u00e9 calme, d\u00e9muni et d\u00e9sol\u00e9. Il a pris le temps de pr\u00e9venir la police et les secours qui sont arriv\u00e9s sur place tr\u00e8s rapidement. Une ambulanci\u00e8re tr\u00e8s gentille, assez \u00e0 l&rsquo;aise en fran\u00e7ais, a examin\u00e9 les enfants et Ronan pour s&rsquo;assurer qu&rsquo;ils n&rsquo;avaient rien. Nous nous en sommes sortis avec un h\u00e9matome sur les fesses pour Ronan. Et m\u00eame elle ne comprenait pas comment l&rsquo;accident avait pu se produire.<\/p>\n<p align=\"JUSTIFY\">Une fois le choc pass\u00e9, nous devions cependant trouver une solution pour la remorque et le v\u00e9lo de Ronan dont la roue arri\u00e8re avait \u00e9t\u00e9 bien tordu \u00e9galement. La femme du monsieur est arriv\u00e9e sur les lieux avec son petit gar\u00e7on et nous a pris en charge. Elle \u00e9tait tr\u00e8s attentionn\u00e9 et parlait bien anglais, ce qui a contribu\u00e9 \u00e0 faire baiser la tension et \u00e0 nous rassurer. Ils allaient nous conduire \u00e0 Pilzen pour trouver un camping et un magasin de v\u00e9lo o\u00f9 nous pouvions faire v\u00e9rifier l&rsquo;\u00e9quipement.<\/p>\n<p align=\"JUSTIFY\">A donc d\u00e9but\u00e9 une longue apr\u00e8s-midi a suffoquer dans les voitures, par 35 degr\u00e9s, de magasin en magasin. Mais l&rsquo;\u00e9vidence se confirmait. Le chariot \u00e9tait bon pour la d\u00e9chetterie et il ne serait pas si facile de s&rsquo;en procurer un nouveau rapidement. Il nous restait \u00e0 le v\u00e9rifier de notre c\u00f4t\u00e9 et \u00e0 les recontacter le lendemain. En attendant, c&rsquo;est au camping, \u00e0 l&rsquo;ombre, que nous souhaitions surtout nous retrouver.<\/p>\n<p align=\"JUSTIFY\">A l&rsquo;entr\u00e9e de l&rsquo;\u00a0\u00ab\u00a0Autokemp\u00a0\u00bb en question, un signe \u00ab\u00a0Naturista\u00a0\u00bb m&rsquo;interpelle bri\u00e8vement mais je n&rsquo;y fais pas trop attention. Puis cherchant quelqu&rsquo;un \u00e0 qui nous adresser pour la r\u00e9ception nous d\u00e9couvrons quelques messieurs en tenue d&rsquo;Adam, occup\u00e9s \u00e0 boire une bi\u00e8re sous le soleil. La situation est devenue tout de suite moins dramatique&#8230;<\/p>\n<p align=\"JUSTIFY\">Nous avons donc pass\u00e9 six jours de moins en moins habill\u00e9s, dans le pays o\u00f9 il a fait le plus chaud en Europe, \u00e0 nous r\u00e9fugier \u00e0 l&rsquo;ombre tout en profitant de la fra\u00eecheur du lac adjacent. Un espace vert, prot\u00e9g\u00e9 des regards ext\u00e9rieurs et donnant acc\u00e8s \u00e0 la plage, se voit remplir au fur et \u00e0 mesure de la journ\u00e9e d&rsquo;hommes et de femmes, surtout \u00e2g\u00e9s, arborant des bronzages int\u00e9graux \u00e0 faire p\u00e2lir les vacanci\u00e8res les plus obstin\u00e9es de la C\u00f4te d&rsquo;Azur.<\/p>\n<p align=\"JUSTIFY\">Ces quelques jours auront \u00e9t\u00e9 d&rsquo;autant reposant et finalement agr\u00e9ables puisque nous avons fait la connaissance d&rsquo;une famille allemande, partie \u00e0 v\u00e9lo pour un an, dont leur petite fille Alma est vite devenue la super copine d&rsquo;Elouan. Ayant pr\u00e9f\u00e9r\u00e9s attendre que la temp\u00e9rature redescende avant de reprendre la route ils nous ont tenus compagnie et permis aux enfants de jouer des heures durant. Elouan \u00e9tait plus que ravi. Il ne s&rsquo;\u00e9tait pas vraiment fait de copains depuis la France.<\/p>\n<p align=\"JUSTIFY\">Puis pour pimenter notre quotidien un peu trop banal et marquer la fin de cet \u00e9pisode caniculaire, nous avons eu droit \u00e0 un orage extr\u00eamement violent jeudi soir. Le vent s&rsquo;est lev\u00e9 avec force durant la fin de soir\u00e9e, avec des pointes \u00e0 plus de 80-90km\/h. Ronan s&rsquo;appr\u00eatait \u00e0 entrer dans la tente lorsque je lui ai demand\u00e9\u00a0: \u00ab\u00a0Peux-tu ajouter des cordes stp, j&rsquo;ai mis celles de l&rsquo;autre c\u00f4t\u00e9 mais le vent vient de tourner\u00bb. \u00ab\u00a0Ne t&rsquo;inqui\u00e8tes pas ch\u00e9rie, la pluie arrive et le vent va tomber avec&#8230;\u00a0\u00bb me r\u00e9pond t&rsquo;il. Dix minutes plus tard j&rsquo;\u00e9tais dehors en culotte, fouett\u00e9e par le vent et la pluie, \u00e0 me battre avec les cordelettes pour les attacher \u00e0 la tente avant de les piquer au sol (il faudrait toujours qu&rsquo;elles soient install\u00e9es, bien entendu&#8230;). Je retenais la tente pour ne pas qu&rsquo;elle s&rsquo;\u00e9crase compl\u00e8tement en pr\u00e9parant int\u00e9rieurement le sc\u00e9nario \u00ab\u00a0\u00e9vacuation des lieux\u00a0\u00bb si le vent forcissait davantage. De retour dans la tente, grelottante et l\u00e9g\u00e8rement traumatis\u00e9e par mon exp\u00e9rience mikehorniene, je trouve un Ronan des plus calme, absorb\u00e9 par sa lecture, consid\u00e9rant visiblement la tente comme un bungalow en bois franc plut\u00f4t que comme un ridicule abri de toile&#8230;. L&rsquo;orage a continu\u00e9 encore presque une demi-heure durant laquelle je n&rsquo;ai pu fermer l&rsquo;oeil mais s&rsquo;est finalement \u00e9loign\u00e9, nous apportant fra\u00eecheur pour le lendemain matin.<\/p>\n<p align=\"JUSTIFY\">Pour clore l&rsquo;\u00e9pisode, notre nouveau Chariot arrivera \u00e0 Prague, au camping. La solution la plus efficace pour obtenir un d\u00e9lai de livraison de quelques jours s&rsquo;est av\u00e9r\u00e9e de passer commande sur un site fran\u00e7ais. Nous prendrons donc le train lundi pour rallier la capitale. Le trajet jusqu&rsquo;\u00e0 la gare avec tous les bagages et les enfants sans la remorque risque d&rsquo;\u00eatre un peu sportif mais nous allons pousser tout doucement notre bel \u00e9quipage, heureusement sain et sauf, bien en sant\u00e9, en rire et en beaut\u00e9\u00a0!<\/p>\n<p align=\"JUSTIFY\">\n<p align=\"JUSTIFY\">Page statistiques\u00a0mensuelle\u00a0\/ r\u00e9capitulative depuis le d\u00e9part:<\/p>\n<p align=\"JUSTIFY\">\n<p align=\"JUSTIFY\"><span style=\"font-family: Liberation Serif,serif;\"><span style=\"font-size: medium;\">861 km \/ 1 811 km parcourus<\/span><\/span><\/p>\n<p align=\"JUSTIFY\"><span style=\"font-family: Liberation Serif,serif;\"><span style=\"font-size: medium;\">5 179 m \/ 12 491 m de d\u00e9nivel\u00e9 ascendant<\/span><\/span><\/p>\n<p align=\"JUSTIFY\"><span style=\"font-family: Liberation Serif,serif;\"><span style=\"font-size: medium;\">35,43 km \/ par jour roul\u00e9<\/span><\/span><\/p>\n<p align=\"JUSTIFY\">\n<p align=\"JUSTIFY\"><span style=\"font-family: Liberation Serif,serif;\"><span style=\"font-size: medium;\">34,60\u20ac \/ 30\u20ac par jour (sans les frais de l&rsquo;accident nous en serions \u00e0 25 euros)<\/span><\/span><\/p>\n<p align=\"JUSTIFY\">\n<p align=\"JUSTIFY\"><span style=\"font-family: Liberation Serif,serif;\"><span style=\"font-size: medium;\">15 nuits en camping sauvage<\/span><\/span><\/p>\n<p align=\"JUSTIFY\"><span style=\"font-family: Liberation Serif,serif;\"><span style=\"font-size: medium;\">13 nuits en camping payant (dont 7 pour cause d&rsquo;immobilit\u00e9 forc\u00e9e \u00e0 Pilzen)<\/span><\/span><\/p>\n<p align=\"JUSTIFY\"><span style=\"font-family: Liberation Serif,serif;\"><span style=\"font-size: medium;\">3 nuits en h\u00e9bergement spontan\u00e9<\/span><\/span><\/p>\n<p align=\"JUSTIFY\">\n<p align=\"JUSTIFY\">10 tiques<\/p>\n<p align=\"JUSTIFY\">\n<p align=\"JUSTIFY\">1 cha\u00eene bris\u00e9e<\/p>\n<p align=\"JUSTIFY\">4 patins de freins remplac\u00e9s<\/p>\n<p align=\"JUSTIFY\">2 crevaisons + 2 pneus chang\u00e9s (remorque avant accident)<\/p>\n<p align=\"JUSTIFY\">1 roue + 1 pneu + 1 remorque + 1 sacoche remplac\u00e9s (accident)<\/p>\n<p align=\"JUSTIFY\">\n<p>&nbsp;<\/p>\n","protected":false},"excerpt":{"rendered":"<p>Notre voyage a bien failli s&rsquo;arr\u00eater lundi. Tragiquement. Un monospace tirant une grosse remorque a violemment percut\u00e9 le chariot alors que Ronan \u00e9tait \u00e0 l&rsquo;arr\u00eat sur le bas-c\u00f4t\u00e9. Il \u00e9tait 10h du matin, nous venions tout juste de quitter l&rsquo;endroit o\u00f9 nous avions pass\u00e9 la nuit. Je suivais Ronan de quelques minutes \u00e0 peine, mais [&hellip;]<\/p>\n","protected":false},"author":1,"featured_media":611,"comment_status":"open","ping_status":"open","sticky":false,"template":"","format":"standard","meta":{"footnotes":""},"categories":[4],"tags":[],"class_list":["post-610","post","type-post","status-publish","format-standard","has-post-thumbnail","hentry","category-carnets-de-route"],"_links":{"self":[{"href":"https:\/\/www.lepennec.org\/partons\/wp-json\/wp\/v2\/posts\/610","targetHints":{"allow":["GET"]}}],"collection":[{"href":"https:\/\/www.lepennec.org\/partons\/wp-json\/wp\/v2\/posts"}],"about":[{"href":"https:\/\/www.lepennec.org\/partons\/wp-json\/wp\/v2\/types\/post"}],"author":[{"embeddable":true,"href":"https:\/\/www.lepennec.org\/partons\/wp-json\/wp\/v2\/users\/1"}],"replies":[{"embeddable":true,"href":"https:\/\/www.lepennec.org\/partons\/wp-json\/wp\/v2\/comments?post=610"}],"version-history":[{"count":2,"href":"https:\/\/www.lepennec.org\/partons\/wp-json\/wp\/v2\/posts\/610\/revisions"}],"predecessor-version":[{"id":613,"href":"https:\/\/www.lepennec.org\/partons\/wp-json\/wp\/v2\/posts\/610\/revisions\/613"}],"wp:featuredmedia":[{"embeddable":true,"href":"https:\/\/www.lepennec.org\/partons\/wp-json\/wp\/v2\/media\/611"}],"wp:attachment":[{"href":"https:\/\/www.lepennec.org\/partons\/wp-json\/wp\/v2\/media?parent=610"}],"wp:term":[{"taxonomy":"category","embeddable":true,"href":"https:\/\/www.lepennec.org\/partons\/wp-json\/wp\/v2\/categories?post=610"},{"taxonomy":"post_tag","embeddable":true,"href":"https:\/\/www.lepennec.org\/partons\/wp-json\/wp\/v2\/tags?post=610"}],"curies":[{"name":"wp","href":"https:\/\/api.w.org\/{rel}","templated":true}]}}