{"id":663,"date":"2013-07-07T11:24:08","date_gmt":"2013-07-07T09:24:08","guid":{"rendered":"http:\/\/www.lepennec.org\/partons\/?p=663"},"modified":"2013-07-07T11:37:50","modified_gmt":"2013-07-07T09:37:50","slug":"praha-kutna-hora-2","status":"publish","type":"post","link":"https:\/\/www.lepennec.org\/partons\/praha-kutna-hora-2\/","title":{"rendered":"Praha &#8211; Kutna Hora"},"content":{"rendered":"<style type=\"text\/css\"><!--\nP { margin-bottom: 0.21cm; }\n--><\/style>\n<p>Une semaine \u00e0 Prague, une semaine de vacances dans notre voyage.<\/p>\n<p>On nous avait vendu Prague comme \u00e9tant une des plus belles villes d&rsquo;Europe et elle m\u00e9rite ais\u00e9ment son titre. C&rsquo;est beau, propre, pas cher. Les bijoux architecturaux s&rsquo;encha\u00eenent au d\u00e9tour des ruelles, et m\u00eame la horde de touristes prenant d&rsquo;assaut le pont Charles n&rsquo;y fait rien, on s&rsquo;amourache vite de cette cit\u00e9 grandiose.<\/p>\n<p>Alors bien s\u00fbr, une semaine, \u00e7a n&rsquo;est pas grand chose. On prend le temps de d\u00e9couvrir un peu la ville. Mais il y a tant \u00e0 faire qu&rsquo;on en ressort en se disant qu&rsquo;une deuxi\u00e8me visite ne serait pas superflue. Nous avons sillonn\u00e9 la ville \u00e0 en perdre haleine sans pour autant avoir l&rsquo;impression d&rsquo;en avoir fait le tour.<\/p>\n<p>Cette semaine \u00e0 Prague fut aussi l&rsquo;occasion des retrouvailles, mes parents sont venus nous rejoindre. Nous avons fait le plein de balades, de rires, de grosses bi\u00e8res, de saucisses, de resto. Elouan \u00e9tait ravi de revoir ses grands-parents et je pense qu&rsquo;ils l&rsquo;\u00e9taient tout autant. Nous pensant au bord de la famine, ils en avaient \u00e9galement profit\u00e9 pour nous ramener des cr\u00eapes, du caramel au beurre sal\u00e9, du chocolat et du gingembre confit dans l&rsquo;espoir de me voir arr\u00eater de fumer.<\/p>\n<p>Nous avons f\u00eat\u00e9 dignement les 4 ans d&rsquo;Elouan au champagne dans un parc avec une vue imprenable sur la vieille ville.<\/p>\n<p>J&rsquo;ai raccompagn\u00e9 mes parents \u00e0 la gare centrale afin qu&rsquo;ils prennent la navette pour l&rsquo;a\u00e9roport. Ce fut charg\u00e9 d&rsquo;\u00e9motion. Elouan s&rsquo;est mis \u00e0 pleurer quand il a vu ses grands-parents monter dans le bus en me demandant quand est ce qu&rsquo;il les reverrait. A cette question, je n&rsquo;ai rien su lui r\u00e9pondre.<\/p>\n<p>Je suis retourn\u00e9 au camping dans la foul\u00e9e et nous nous sommes pr\u00e9par\u00e9s nous aussi pour notre d\u00e9part. Apr\u00e8s deux semaines d&rsquo;arr\u00eat, nos mollets tr\u00e9pignaient d&rsquo;impatience \u00e0 l&rsquo;id\u00e9e de reprendre la route.<\/p>\n<p>Avant ce d\u00e9part, nous avons encore eu droit \u00e0 de nouvelles p\u00e9rip\u00e9ties avec la remorque. Nous l&rsquo;avons bien re\u00e7u, dans les d\u00e9lais, toute neuve et brillante. Mais voil\u00e0, nous n&rsquo;avions pas fait attention \u00e0 la petite mention sur le site sur lequel nous l&rsquo;avons command\u00e9e qui pr\u00e9cisait que toute remorque \u00e9tait livr\u00e9e nue. Nous avions bel et bien une nouvelle remorque mais aucun timon pour la raccorder au v\u00e9lo. Apr\u00e8s quelques minutes d&rsquo;angoisse, nous avons cependant trouv\u00e9 sur Internet un magasin \u00e0 Prague qui en avait en stock.<\/p>\n<p>Nous appr\u00e9hendions un peu la sortie de Prague mais finalement tout s&rsquo;est bien pass\u00e9. Bien s\u00fbr, nous avons eu droit \u00e0 un d\u00e9fil\u00e9 de zones industrielles mais apr\u00e8s 15km, nous avons pu constater que la ville \u00e9tait derri\u00e8re nous. Nous avons fini l&rsquo;apr\u00e8s-midi en beaut\u00e9 avec baignade et camping sauvage au bord d&rsquo;un lac.<\/p>\n<p>Le lendemain, tout ne fut pas aussi rose. Je me suis rapidement mis \u00e0 paniquer \u00e0 l&rsquo;id\u00e9e de reprendre les routes. \u00c0 chaque voiture qui me double, l&rsquo;angoisse resurgit et le souvenir de l&rsquo;accident refait surface. Nous avons us\u00e9 de subterfuges, chang\u00e9 le r\u00e9troviseur de c\u00f4t\u00e9 pour que je puisse voir les voitures approcher, interverti les places des enfants dans la remorque, mis Sandrine derri\u00e8re moi comme bouclier mais rien n&rsquo;y fait. On n&rsquo;oublie pas aussi facilement ce genre d&rsquo;incident.<\/p>\n<p>Nous avons finalement opt\u00e9 pour une autre strat\u00e9gie en achetant l&rsquo;encyclop\u00e9die des pistes cyclables de la R\u00e9publique Tch\u00e8que. Mais nous nous sommes rendus vite \u00e0 l&rsquo;\u00e9vidence, le paradis cycliste germanique est bien derri\u00e8re nous, ici, ce ne sont que des chemins \u00e0 peine praticables en VTT\u00a0. Autant dire que pour nous autres, chameaux ambulants, mieux vaut passer notre chemin.<\/p>\n<p>Alors on prend son courage \u00e0 deux mains et on reprend confiance petit \u00e0 petit. Du coup, nous faisons de petites \u00e9tapes, en esp\u00e9rant que \u00e7a se passe de mieux en mieux.<\/p>\n<p>Aujourd&rsquo;hui nous sommes \u00e0 Kutna Hora \u00e0 70km au sud-est de Prague. Nous avons profit\u00e9 de deux jours d&rsquo;arr\u00eat pour visiter la magnifique cath\u00e9drale class\u00e9e au patrimoine mondial de l&rsquo;Unesco. Nous ne savons pas trop encore par o\u00f9 rejoindre la Pologne. On nous a vendu le nord du Pays comme \u00e9tant tr\u00e8s beau mais cela nous \u00e9loignerait peut-\u00eatre un peu trop de notre route vers le sud. Nous esp\u00e9rons passer la Roumanie avant l&rsquo;arriv\u00e9e du froid (septembre).<\/p>\n<p>D&rsquo;un autre c\u00f4t\u00e9, cela fait bient\u00f4t un mois que nous sommes en R\u00e9publique Tch\u00e8que, nous ma\u00eetrisons parfaitement la langue et avons bien envie d&rsquo;aller voir comment \u00e7a se passe ailleurs.<\/p>\n<p>&nbsp;<\/p>\n<p>&nbsp;<\/p>\n","protected":false},"excerpt":{"rendered":"<p>Une semaine \u00e0 Prague, une semaine de vacances dans notre voyage. On nous avait vendu Prague comme \u00e9tant une des plus belles villes d&rsquo;Europe et elle m\u00e9rite ais\u00e9ment son titre. C&rsquo;est beau, propre, pas cher. Les bijoux architecturaux s&rsquo;encha\u00eenent au d\u00e9tour des ruelles, et m\u00eame la horde de touristes prenant d&rsquo;assaut le pont Charles n&rsquo;y [&hellip;]<\/p>\n","protected":false},"author":1,"featured_media":644,"comment_status":"open","ping_status":"open","sticky":false,"template":"","format":"standard","meta":{"footnotes":""},"categories":[4],"tags":[],"class_list":["post-663","post","type-post","status-publish","format-standard","has-post-thumbnail","hentry","category-carnets-de-route"],"_links":{"self":[{"href":"https:\/\/www.lepennec.org\/partons\/wp-json\/wp\/v2\/posts\/663","targetHints":{"allow":["GET"]}}],"collection":[{"href":"https:\/\/www.lepennec.org\/partons\/wp-json\/wp\/v2\/posts"}],"about":[{"href":"https:\/\/www.lepennec.org\/partons\/wp-json\/wp\/v2\/types\/post"}],"author":[{"embeddable":true,"href":"https:\/\/www.lepennec.org\/partons\/wp-json\/wp\/v2\/users\/1"}],"replies":[{"embeddable":true,"href":"https:\/\/www.lepennec.org\/partons\/wp-json\/wp\/v2\/comments?post=663"}],"version-history":[{"count":3,"href":"https:\/\/www.lepennec.org\/partons\/wp-json\/wp\/v2\/posts\/663\/revisions"}],"predecessor-version":[{"id":667,"href":"https:\/\/www.lepennec.org\/partons\/wp-json\/wp\/v2\/posts\/663\/revisions\/667"}],"wp:featuredmedia":[{"embeddable":true,"href":"https:\/\/www.lepennec.org\/partons\/wp-json\/wp\/v2\/media\/644"}],"wp:attachment":[{"href":"https:\/\/www.lepennec.org\/partons\/wp-json\/wp\/v2\/media?parent=663"}],"wp:term":[{"taxonomy":"category","embeddable":true,"href":"https:\/\/www.lepennec.org\/partons\/wp-json\/wp\/v2\/categories?post=663"},{"taxonomy":"post_tag","embeddable":true,"href":"https:\/\/www.lepennec.org\/partons\/wp-json\/wp\/v2\/tags?post=663"}],"curies":[{"name":"wp","href":"https:\/\/api.w.org\/{rel}","templated":true}]}}