{"id":694,"date":"2013-07-30T09:38:33","date_gmt":"2013-07-30T07:38:33","guid":{"rendered":"http:\/\/www.lepennec.org\/partons\/?p=694"},"modified":"2013-07-30T09:38:33","modified_gmt":"2013-07-30T07:38:33","slug":"otmuchow-zator","status":"publish","type":"post","link":"https:\/\/www.lepennec.org\/partons\/otmuchow-zator\/","title":{"rendered":"Otmuchow &#8211; Zator"},"content":{"rendered":"<style type=\"text\/css\"><!--\nP { margin-bottom: 0.21cm; }\n--><\/style>\n<p><strong>100 jours \u2013 2613km<\/strong><\/p>\n<p>Nous poursuivons notre d\u00e9couverte de la Pologne avec une semaine plac\u00e9e sous le signe des rencontres.<\/p>\n<p>Nous avons notamment eu droit \u00e0 une premi\u00e8re approche dans un bar avec un polonais (tr\u00e8s) imbib\u00e9. Voulant offrir deux bananes aux enfants, il s&rsquo;est litt\u00e9ralement effondr\u00e9 sur la table en renversant mon caf\u00e9. Penaud, il est revenu quinze minutes plus tard avec deux grosses peluches que nous ne pouvions pas refuser malgr\u00e9 le peu de place disponible dans le chariot. Au final, ce monsieur nous a bien parl\u00e9 pendant deux heures. Il avait certainement des choses importantes \u00e0 nous dire mais il ne parlait que polonais. Nous avons seulement pu comprendre qu&rsquo;il aimait dessiner des femmes d\u00e9nud\u00e9es et \u00e0 la question \u00ab\u00a0Police Vodka Problem\u00a0\u00bb, il a r\u00e9pondu par l&rsquo;affirmative en injuriant les policiers.<\/p>\n<p>Le lendemain, c&rsquo;est un autre monsieur \u2013 Sigmunt &#8211; qui nous a abord\u00e9 \u00e0 l&rsquo;\u00e9picerie et nous a propos\u00e9 de venir prendre un caf\u00e9 chez lui. Ce fut d\u00e9j\u00e0 un peu plus facile de communiquer. Avec nos rudiments d&rsquo;allemand, nous avons pu en apprendre un peu plus sur la vie de ce monsieur. Comme bon nombre de jeunes polonais, ces 3 enfants sont partis travailler \u00e0 l&rsquo;\u00e9tranger, profitant de l&rsquo;ouverture des fronti\u00e8res. Nous \u00e9tions tellement contents de cette invitation. La premi\u00e8re depuis un long moment. L\u00e0 encore, Elouan est reparti avec une grosse peluche et des lunettes de plong\u00e9e.<\/p>\n<p>Puis, mercredi dernier, Sandrine est partie se renseigner pour savoir si nous pouvions camper sur un terrain. Le monsieur lui a gentiment propos\u00e9 que nous plantions la tente dans son jardin. Comme souvent dans ce genre de situation, ils nous ont finalement offert le repas et la douche (!?). Une autre belle rencontre avec Gregor, Myrka et leur fils Sajmon. Gregor est un ancien mineur en retraite depuis un mois. Ils habitent une belle maison dans la banlieue de Zadrejdie Droj. La r\u00e9gion o\u00f9 ils habitent \u2013 la Sil\u00e9sie \u2013 compte encore beaucoup de mines de charbon actives et fait vivre des centaines de milliers de polonais. Ce fut une soir\u00e9e tr\u00e8s int\u00e9ressante. Parlant anglais, nous avons pu comprendre un peu mieux ce pays. J&rsquo;ai pris r\u00e9ellement conscience en discutant avec cette famille de l&rsquo;incroyable histoire contemporaine polonaise. C&rsquo;est \u00e0 c\u00f4t\u00e9 de Zadrejdie Droj qu&rsquo;a eu lieu un des \u00e9pisodes les plus sanglants de l&rsquo;\u00e9tat de si\u00e8ge instaur\u00e9 en Pologne au d\u00e9but des ann\u00e9es 80. Les op\u00e9rations de pacification ont entra\u00een\u00e9 la mort de dizaines de mineurs. Gregor nous expliquait qu&rsquo;il avait fuit le pays \u00e0 la fin des ann\u00e9es 80 car il n&rsquo;y avait aucune perspective possible \u00e0 cette p\u00e9riode. Il est revenu en Pologne apr\u00e8s la chute du mur.<\/p>\n<p>Encore une fois, le chariot s&rsquo;est alourdi de jouets pour Elouan au moment de notre d\u00e9part. En fin de journ\u00e9e, c&rsquo;est une vieille dame \u00e0 v\u00e9lo voulant nous montrer le chemin pour le lac qui nous a conduit chez elle et nous a offert un th\u00e9 et du corned beef. Othelia et Jan ne parlant pas un tra\u00eetre mot d&rsquo;anglais ou d&rsquo;allemand, nous n&rsquo;avons pas pu dialoguer. Ce fut tout de m\u00eame une rencontre touchante avec ce couple d\u2019octog\u00e9naires un peu inquiets pour nos enfants. Sans que nous puissions nous y opposer, Othelia a servi \u00e0 Elouan son premier th\u00e9 sucr\u00e9 et a donn\u00e9 une grosse tartine de beurre \u00e0 Yana\u00ebl. Nous sommes repartis de chez eux avec une photo du Pape Jean-Paul II.<\/p>\n<p>Des rencontres riches, fr\u00e9quentes qui nous font appr\u00e9cier ce pays. Pour le reste, ayant d\u00e9cid\u00e9 de prendre le chemin le plus court pour Krakow, nous traversons une des zones les plus industrialis\u00e9s d&rsquo;Europe. C&rsquo;est une r\u00e9gion riche, les maisons sont neuves et bien entretenues mais c&rsquo;est tr\u00e8s urbanis\u00e9 avec beaucoup de villes nouvelles construites dans les ann\u00e9es 70. Avec l&rsquo;apparition du capitalisme se sont maintenant des centres commerciaux qui jouxtent les grands ensembles communistes.<\/p>\n<p>Samedi, nous avons fait halte \u00e0 Auschwitz, l&rsquo;itin\u00e9raire cyclable que nous suivons passait par l\u00e0. Ce fut tr\u00e8s particulier. Nous n&rsquo;avons rien vu des camps de concentration et nous nous sommes pos\u00e9s la question de savoir si nous devions passer devant. Nous n&rsquo;aurions bien s\u00fbr pas \u00e9t\u00e9 \u00e0 l&rsquo;int\u00e9rieur avec Elouan. De savoir que cela existe, d&rsquo;entendre les trains passer sur les m\u00eames rails nous suffit. Les cars de touristes et le fast food \u00e0 l&rsquo;entr\u00e9e du Mus\u00e9e d&rsquo;Auschwitz nous ont quand m\u00eame fait une dr\u00f4le d&rsquo;impression.<\/p>\n<p>Paradoxalement, l&rsquo;endroit est vraiment tr\u00e8s touristique. Le camping ne comptait pas moins de 6 voyageurs \u00e0 v\u00e9lo alors que nous n&rsquo;en avons quasiment pas crois\u00e9 jusqu&rsquo;ici. Lans, un cycliste am\u00e9ricain a \u00e9t\u00e9 visiter les camps. Il en est ressorti profond\u00e9ment affect\u00e9. Il nous expliquait qu&rsquo;on pouvait encore voir une salle remplie de souliers d&rsquo;enfants, que la visite se poursuivait \u00e0 l&rsquo;int\u00e9rieur des chambres \u00e0 gaz. Les guides communiquent tous les d\u00e9tails du fonctionnement du camp. Il a lui-m\u00eame longtemps h\u00e9sit\u00e9 \u00e0 faire cette visite. Il nous disait qu&rsquo;une amie su\u00e9doise ne conseillait \u00e0 personne cette exp\u00e9rience difficile qui marque pour toujours l&rsquo;esprit humain.<\/p>\n<p>Cela fait maintenant 100 jours que nous sommes partis de Nevers. L&rsquo;heure de tirer un premier bilan de ce voyage. Nous passons dans l&rsquo;ensemble d&rsquo;agr\u00e9ables moments mais tout n&rsquo;est pas si simple. L&rsquo;essentiel de nos journ\u00e9es de repos sont consacr\u00e9es au lavage du linge que les enfants salissent en un clin d&rsquo;oeil. Notre machine \u00e0 laver nous manque. J&rsquo;envie secr\u00e8tement les couples de voyageur \u00e0 v\u00e9lo et me dit quel plaisir cela doit \u00eatre de voyager l\u00e9ger, d&rsquo;avaler les kms et de pouvoir passer ses journ\u00e9es de repos \u00e0 se reposer vraiment. Avant de partir, j&rsquo;envisageais ce voyage un peu comme des grandes vacances. Ce n&rsquo;est pas aussi simple que cela, nos obligations familiales ou sanitaires font surface assez rapidement. \u00c7a c&rsquo;est pour le c\u00f4t\u00e9 noir du tableau.<\/p>\n<p>On a quand m\u00eame la chance de passer beaucoup de temps avec nos enfants, nous faisons de belles rencontres et nous d\u00e9couvrons des pays que nous souhaitions voir depuis longtemps.<\/p>\n<p>Beaucoup de gens semblaient s&rsquo;inqui\u00e9ter du moral d&rsquo;Elouan mais notre petit bonhomme se porte bien. Offrez lui une glace ou un endroit pour se baigner et il retrouve le sourire instantan\u00e9ment. Il n&rsquo;est pas difficile. Quelques petits instants de bonheur grappill\u00e9s \u00e7a et l\u00e0 le comblent. \u00c7a c&rsquo;est pour le c\u00f4t\u00e9 humain.<\/p>\n<p>C\u00f4t\u00e9 mat\u00e9riel, notre ch\u00e2teau commence \u00e0 \u00eatre un peu fatigu\u00e9 de ses montages d\u00e9montages multiples. Un premier arceau a l\u00e2ch\u00e9 et en attendant de trouver une solution, nous avons plus ou moins condamn\u00e9 la grande abside. Cela donne \u00e0 nos bivouacs un air de camp de romano.<\/p>\n<p>Nous nous rapprochons tout doucement de Krakow o\u00f9 nous devrions nous arr\u00eater quelques jours. Nous sommes \u00e0 une cinquantaine de kilom\u00e8tres. Nous avons attendu que la vague de chaleur passe. Hier, il faisait 37\u00b0C mais ils annoncent un peu moins chaud \u00e0 partir d&rsquo;aujourd&rsquo;hui.<\/p>\n<p>&nbsp;<\/p>\n<p>&nbsp;<\/p>\n<p>&nbsp;<\/p>\n","protected":false},"excerpt":{"rendered":"<p>100 jours \u2013 2613km Nous poursuivons notre d\u00e9couverte de la Pologne avec une semaine plac\u00e9e sous le signe des rencontres. Nous avons notamment eu droit \u00e0 une premi\u00e8re approche dans un bar avec un polonais (tr\u00e8s) imbib\u00e9. Voulant offrir deux bananes aux enfants, il s&rsquo;est litt\u00e9ralement effondr\u00e9 sur la table en renversant mon caf\u00e9. Penaud, [&hellip;]<\/p>\n","protected":false},"author":1,"featured_media":695,"comment_status":"open","ping_status":"open","sticky":false,"template":"","format":"standard","meta":{"footnotes":""},"categories":[4],"tags":[],"class_list":["post-694","post","type-post","status-publish","format-standard","has-post-thumbnail","hentry","category-carnets-de-route"],"_links":{"self":[{"href":"https:\/\/www.lepennec.org\/partons\/wp-json\/wp\/v2\/posts\/694","targetHints":{"allow":["GET"]}}],"collection":[{"href":"https:\/\/www.lepennec.org\/partons\/wp-json\/wp\/v2\/posts"}],"about":[{"href":"https:\/\/www.lepennec.org\/partons\/wp-json\/wp\/v2\/types\/post"}],"author":[{"embeddable":true,"href":"https:\/\/www.lepennec.org\/partons\/wp-json\/wp\/v2\/users\/1"}],"replies":[{"embeddable":true,"href":"https:\/\/www.lepennec.org\/partons\/wp-json\/wp\/v2\/comments?post=694"}],"version-history":[{"count":1,"href":"https:\/\/www.lepennec.org\/partons\/wp-json\/wp\/v2\/posts\/694\/revisions"}],"predecessor-version":[{"id":696,"href":"https:\/\/www.lepennec.org\/partons\/wp-json\/wp\/v2\/posts\/694\/revisions\/696"}],"wp:featuredmedia":[{"embeddable":true,"href":"https:\/\/www.lepennec.org\/partons\/wp-json\/wp\/v2\/media\/695"}],"wp:attachment":[{"href":"https:\/\/www.lepennec.org\/partons\/wp-json\/wp\/v2\/media?parent=694"}],"wp:term":[{"taxonomy":"category","embeddable":true,"href":"https:\/\/www.lepennec.org\/partons\/wp-json\/wp\/v2\/categories?post=694"},{"taxonomy":"post_tag","embeddable":true,"href":"https:\/\/www.lepennec.org\/partons\/wp-json\/wp\/v2\/tags?post=694"}],"curies":[{"name":"wp","href":"https:\/\/api.w.org\/{rel}","templated":true}]}}