{"id":754,"date":"2013-08-20T13:57:21","date_gmt":"2013-08-20T11:57:21","guid":{"rendered":"http:\/\/www.lepennec.org\/partons\/?p=754"},"modified":"2013-08-20T13:57:21","modified_gmt":"2013-08-20T11:57:21","slug":"a-lattaque-des-carpates","status":"publish","type":"post","link":"https:\/\/www.lepennec.org\/partons\/a-lattaque-des-carpates\/","title":{"rendered":"\u00c0 l&rsquo;attaque des Carpates\u00a0!"},"content":{"rendered":"<style type=\"text\/css\"><!--\nP { margin-bottom: 0.21cm; }\n--><\/style>\n<p>Notre derni\u00e8re semaine en Pologne nous aura confirm\u00e9 \u00e0 quel point ce pays est attachant et vaut le d\u00e9tour.<\/p>\n<p>Nous avons d&rsquo;abord eu droit \u00e0 de magnifiques paysages. Apr\u00e8s les r\u00e9gions assez industrialis\u00e9es de Sil\u00e9sie et de Malopolska, nous sommes arriv\u00e9s dans une des r\u00e9gions les plus sauvages de Pologne. Les Beskid Niski sont certainement un des plus beaux coins que nous ayons travers\u00e9 jusqu&rsquo;ici. Des petites montagnes bois\u00e9es \u00e0 perte de vue, des villages typiques, des routes sans voiture, des \u00e9glises en bois tous les dix ou quinze kilom\u00e8tres, une \u00e9picerie tous les vingt kilom\u00e8tres. Un vrai paradis pour nous.<\/p>\n<p>Nous avons \u00e9galement eu la chance de faire de belles rencontres qui nous ont permis d&rsquo;avoir une lecture un peu plus pr\u00e9cise de la r\u00e9gion. Artur, un pr\u00eatre qui nous a propos\u00e9 de planter la tente dans son jardin nous a racont\u00e9 longuement l&rsquo;histoire de cette r\u00e9gion. Nous avons appris que les montagnes de Beskid Niski ont \u00e9t\u00e9 peupl\u00e9es par des bergers orthodoxes itin\u00e9rants venant d&rsquo;Ukraine et de Russie. Ils se sont progressivement install\u00e9s dans cette r\u00e9gion \u00e0 partir du XV si\u00e8cle et y ont apport\u00e9 leurs coutumes et traditions, \u00e0 savoir le cyrillique et l&rsquo;orthodoxie. Ils ont \u00e9t\u00e9 surnomm\u00e9s plus tard les Lemkos et c&rsquo;est eux qui ont construit ces si belles \u00e9glises en bois. Leur histoire est pourtant tragique. \u00c0 la fin de la seconde guerre mondiale, les cartes ont \u00e9t\u00e9 rebattues et les fronti\u00e8res redessin\u00e9es. Cette r\u00e9gion qui appartenait \u00e0 l&rsquo;Ukraine est devenue polonaise. M\u00e9contente, l&rsquo;Arm\u00e9e R\u00e9volutionnaire Ukrainienne a continu\u00e9 \u00e0 s\u00e9vir dans la r\u00e9gion pendant deux ans. En guise de repr\u00e9sailles, le gouvernement Polonais a d\u00e9cid\u00e9 de d\u00e9placer l&rsquo;ensemble des Lemkos soit environ 200 000 personnes. Ils n&rsquo;avaient pourtant pas grand chose \u00e0 voir avec ce conflit. Les villages abandonn\u00e9s ont \u00e9t\u00e9 d\u00e9truits et les mat\u00e9riaux r\u00e9cup\u00e9r\u00e9s ont servis \u00e0 la construction des kolkhozes dont on peut encore voir les traces dans la r\u00e9gion. Ne subsistent de ces villages que les cimeti\u00e8res abandonn\u00e9s et quelques vestiges.<\/p>\n<p>C&rsquo;est finalement \u00e7a aussi de voyager \u00e0 v\u00e9lo. J&rsquo;ai parfois l&rsquo;impression d&rsquo;avoir un grand livre d&rsquo;histoire et de g\u00e9ographie ouvert devant les yeux et de d\u00e9couvrir des nouvelles pages de l&rsquo;histoire de l&rsquo;Europe de l&rsquo;est au fil des rencontres et des lectures.<\/p>\n<p>Avant cette rencontre avec Artur, nous avons eu droit \u00e0 d&rsquo;autres beaux moments de convivialit\u00e9. \u00c0 Rajbrot, alors que nous demandions la permission de planter la tente dans un champs, c&rsquo;est la moiti\u00e9 du village qui s&rsquo;est mis en t\u00eate de nous trouver un toit pour la nuit. Apr\u00e8s bien des tergiversations, nous avons finalement atterri chez Josef, un polonais qui fait les vendanges chaque ann\u00e9e en France depuis vingt ans. Ce fut assez sp\u00e9cial. Nous n&rsquo;avons pas vraiment pu parler avec lui. Il s&rsquo;est rapidement retir\u00e9 dans ses appartements nous laissant la maison \u00e0 disposition. Nous ne saurons jamais si c&rsquo;\u00e9tait de la politesse ou de la timidit\u00e9.<\/p>\n<p>Le lendemain, nous nous sommes fait arr\u00eater au sommet d&rsquo;une c\u00f4te par une gentille dame Bogumila. Elle nous a d&rsquo;abord offert un verre d&rsquo;eau mais rapidement les plats se sont succ\u00e9d\u00e9s sur la table sans que nous puissions dire un mot. Nous avons d&rsquo;abord eu droit \u00e0 une soupe, puis une assiette de fromage et de p\u00e2t\u00e9, du pain, des \u0153ufs, des concombres et des tomates, des pommes s\u00e9ch\u00e9es et des g\u00e2teaux pour accompagner notre caf\u00e9. Ce fut un peu d\u00e9routant, surtout que notre h\u00f4te n&rsquo;a pas voulu nous accompagner pour ce festin, elle nous a simplement regard\u00e9 manger. Nous avons pass\u00e9 une partie de l&rsquo;apr\u00e8s midi avec eux sur leur magnifique terrasse avec vue sur les montagnes avoisinantes. Elle et son mari sont producteurs de concombres et propri\u00e9taires d&rsquo;une tr\u00e8s grande exploitation agricole.<\/p>\n<p>Pourtant, ce n&rsquo;\u00e9tait pas gagn\u00e9 d&rsquo;avance. La semaine derni\u00e8re, alors que les Carpates nous sont tomb\u00e9es dessus un peu par hasard, je ne voulais plus avancer. Marre de monter ces c\u00f4tes \u00e0 12\u00a0% qui vous cassent les jambes sous un soleil de plomb. C&rsquo;est s\u00fbr, c&rsquo;est beau la montagne mais je peux vous dire que nous n&rsquo;en voyons plus beaucoup des cyclistes dans ces recoins montagneux. Nous avons donc proc\u00e9d\u00e9 \u00e0 une r\u00e9organisation drastique des sacoches \u00e0 Nowy Sacz. R\u00e9sultat, 12kg de mat\u00e9riel renvoy\u00e9 en France\u00a0: mon porte bagage avant, mes deux sacoches avant, des pi\u00e8ces de rechange pour les v\u00e9los, du mat\u00e9riel \u00e9lectronique, un tarp, un thermos, le sac de couchage de Yana\u00ebl et plusieurs livres et cartes que nous n&rsquo;avions toujours pas renvoy\u00e9s. Nous avons cependant gard\u00e9 notre petite cafeti\u00e8re dont je ne me s\u00e9parerai pour rien au monde. Je suis le grand gagnant de cette cure d\u2019amaigrissement. Me voil\u00e0 l\u00e9ger comme une plume avec mes 55 kg de bagages.<\/p>\n<p>Nous avons quitt\u00e9 la Pologne vendredi pour nous rendre en Slovaquie. Nous n&rsquo;aurons malheureusement pas le temps de d\u00e9couvrir en profondeur ce petit pays que nous allons traverser rapidement. Ce fut pourtant un v\u00e9ritable choc \u00e0 notre arriv\u00e9e \u00e0 Medzilaborce \u00e0 10km de la fronti\u00e8re polonaise. Une vingtaine de tziganes sont venus nous entourer pour voir de plus pr\u00e8s notre attirail et nous poser des questions sur notre voyage. Ils avaient l&rsquo;air gentil mais leur attitude un peu frondeuse nous a d\u00e9stabilis\u00e9e. Pour la premi\u00e8re fois depuis que nous sommes partis, nous trouvons nos enfants propres \u00e0 c\u00f4t\u00e9 de ceux que nous voyons. La Slovaquie abrite une des plus grande communaut\u00e9 tzigane d&rsquo;Europe Centrale. Elle repr\u00e9sente pr\u00e8s de 10\u00a0% de la population. Dans cette r\u00e9gion recul\u00e9e o\u00f9 s\u00e9vit d\u00e9j\u00e0 un fort taux de ch\u00f4mage pour \u00ab\u00a0l&rsquo;homme blanc\u00a0\u00bb, les populations Roms sont priv\u00e9es de tout, exclues de toute possibilit\u00e9. il existe dans ces villes et villages, de nombreux ghettos, fruits de la fin de l&rsquo;industrialisation.<\/p>\n<p>\u00c0 Medzilaborce, il y a aussi un mus\u00e9e consacr\u00e9 \u00e0 Andy Warhol. Sa m\u00e8re a v\u00e9cu dans les environs avant de partir pour les \u00e9tats-Unis. Apparemment, on peut y voir les lunettes et la veste d&rsquo;Andy. Je me suis demand\u00e9 si la vie \u00e9tait plus facile \u00e0 supporter quand on avait Andy Warhol comme r\u00e9f\u00e9rence. Est ce que tous les jeunes de cette r\u00e9gion r\u00eavent de devenir le nouveau Warhol\u00a0?<\/p>\n<p>Nous sommes au camping de Snina depuis samedi, \u00e0 30km de la fronti\u00e8re ukrainienne. Nous ne savons pas trop combien de temps nous allons rester ici. Sandrine souffre du coccyx depuis quelques semaines et s&rsquo;inqui\u00e8te un peu pour la suite. Nous esp\u00e9rons que quelques jours de repos lui permettent de remonter en selle.<\/p>\n<p>Ronan.<\/p>\n","protected":false},"excerpt":{"rendered":"<p>Notre derni\u00e8re semaine en Pologne nous aura confirm\u00e9 \u00e0 quel point ce pays est attachant et vaut le d\u00e9tour. Nous avons d&rsquo;abord eu droit \u00e0 de magnifiques paysages. Apr\u00e8s les r\u00e9gions assez industrialis\u00e9es de Sil\u00e9sie et de Malopolska, nous sommes arriv\u00e9s dans une des r\u00e9gions les plus sauvages de Pologne. Les Beskid Niski sont certainement [&hellip;]<\/p>\n","protected":false},"author":1,"featured_media":757,"comment_status":"open","ping_status":"open","sticky":false,"template":"","format":"standard","meta":{"footnotes":""},"categories":[4],"tags":[],"class_list":["post-754","post","type-post","status-publish","format-standard","has-post-thumbnail","hentry","category-carnets-de-route"],"_links":{"self":[{"href":"https:\/\/www.lepennec.org\/partons\/wp-json\/wp\/v2\/posts\/754","targetHints":{"allow":["GET"]}}],"collection":[{"href":"https:\/\/www.lepennec.org\/partons\/wp-json\/wp\/v2\/posts"}],"about":[{"href":"https:\/\/www.lepennec.org\/partons\/wp-json\/wp\/v2\/types\/post"}],"author":[{"embeddable":true,"href":"https:\/\/www.lepennec.org\/partons\/wp-json\/wp\/v2\/users\/1"}],"replies":[{"embeddable":true,"href":"https:\/\/www.lepennec.org\/partons\/wp-json\/wp\/v2\/comments?post=754"}],"version-history":[{"count":2,"href":"https:\/\/www.lepennec.org\/partons\/wp-json\/wp\/v2\/posts\/754\/revisions"}],"predecessor-version":[{"id":759,"href":"https:\/\/www.lepennec.org\/partons\/wp-json\/wp\/v2\/posts\/754\/revisions\/759"}],"wp:featuredmedia":[{"embeddable":true,"href":"https:\/\/www.lepennec.org\/partons\/wp-json\/wp\/v2\/media\/757"}],"wp:attachment":[{"href":"https:\/\/www.lepennec.org\/partons\/wp-json\/wp\/v2\/media?parent=754"}],"wp:term":[{"taxonomy":"category","embeddable":true,"href":"https:\/\/www.lepennec.org\/partons\/wp-json\/wp\/v2\/categories?post=754"},{"taxonomy":"post_tag","embeddable":true,"href":"https:\/\/www.lepennec.org\/partons\/wp-json\/wp\/v2\/tags?post=754"}],"curies":[{"name":"wp","href":"https:\/\/api.w.org\/{rel}","templated":true}]}}