{"id":790,"date":"2013-08-27T10:46:24","date_gmt":"2013-08-27T08:46:24","guid":{"rendered":"http:\/\/www.lepennec.org\/partons\/?p=790"},"modified":"2013-08-27T10:46:24","modified_gmt":"2013-08-27T08:46:24","slug":"ukraina","status":"publish","type":"post","link":"https:\/\/www.lepennec.org\/partons\/ukraina\/","title":{"rendered":"Ukra\u00efna !!!"},"content":{"rendered":"<style type=\"text\/css\"><!--\nP { margin-bottom: 0.21cm; }\n--><\/style>\n<p>Les quelques jours de repos \u00e0 Snina auront \u00e9t\u00e9 b\u00e9n\u00e9fiques pour mon coccyx et pour notre moral. La douleur provient d&rsquo;un abc\u00e8s infectieux, mais l&rsquo;os n&rsquo;est pas endommag\u00e9 comme je le craignais. Le m\u00e9decin \u00e0 l&rsquo;h\u00f4pital proposait de me faire une petite incision pour vider le tout. L&rsquo;histoire aurait \u00e9t\u00e9 r\u00e9gl\u00e9e en cinq minutes m&rsquo;assurait-il, mais il m&rsquo;aurait fallu une semaine de repos (du) derri\u00e8re. Grande consolation par rapport aux nombreuses semaines d&rsquo;arr\u00eat que nous avions envisag\u00e9es, impliquant n\u00e9cessairement un d\u00e9placement plus au sud, en bus, train ou avion, histoire de ne pas rester coinc\u00e9s dans les Carpates au mois d&rsquo;octobre. Seulement la perspective de rester encore une semaine \u00e0 Snina ne nous enchantait gu\u00e8re. Surtout que la douleur a fini par diminuer et que je n&rsquo;avais plus l&rsquo;impression d&rsquo;\u00eatre un cas urgent. Le diagnostic m&rsquo;a donc suffit. Nous allions reprendre la route et nous arr\u00eater plus loin, plus longtemps si la douleur m&rsquo;y obligeait, dans un autre endroit, sans doute plus agr\u00e9able et pratique \u00e0 visiter que cette ville d\u00e9pourvue d&rsquo;attraits.<\/p>\n<p>Nous avons repris la route jeudi direction l&rsquo;Ukraine. Pays dont je r\u00eave depuis des ann\u00e9es et qui a bien failli me passer sous le nez. Nous devions initialement y passer le mois de septembre, mais nous avons r\u00e9alis\u00e9 depuis longtemps que les temp\u00e9ratures et notre vitesse de croisi\u00e8re ne nous permettaient plus une telle avanc\u00e9e vers l&rsquo;est. Ajout\u00e9es \u00e0 cela, les nombreuses critiques n\u00e9gatives (routes d\u00e9fonc\u00e9es, chauffards, vols etc.) auxquelles nous avons eues droit durant les derni\u00e8res semaines ont eu raison de la motivation de Ronan. Ayant d\u00e9j\u00e0 v\u00e9cue ce type de d\u00e9sinformation d\u00e9routante mais inexacte envers un pays, j&rsquo;ai tenu bon et r\u00e9ussi \u00e0 conserver le plus court transit (\u00e0 peine 200 km) entre la Slovaquie et la Roumanie. Les postes fronti\u00e8res n&rsquo;\u00e9tant pas si nombreux, c&rsquo;\u00e9tait\u00a0cela ou rien.<\/p>\n<p>Nous avons fait le bon choix\u00a0!<\/p>\n<p>Le passage d&rsquo;une vraie fronti\u00e8re internationale nous a fait r\u00e9aliser \u00e0 quel point nous naviguions dans une zone de confort\u00a0: l&rsquo;Union Europ\u00e9enne\u00a0! M\u00eame les pays frontaliers, tels la Pologne et le Slovaquie, d\u00e9j\u00e0 bien \u00e0 l&rsquo;est pour nous, s&rsquo;enorgueillissent bien de leur appartenance \u00e0 ce g\u00e9ant \u00e9conomique. L&rsquo;Ukraine est juste \u00e0 c\u00f4t\u00e9 mais ce n&rsquo;est visiblement plus la m\u00eame cours d&rsquo;\u00e9cole. M\u00eame les douaniers ukrainiens ne comprenaient pas pourquoi nous voulions transiter par leur pays plut\u00f4t que par la Hongrie. Ronan non plus&#8230; Encore qu&rsquo;il a bien failli faire demi-tour devant le \u00ab\u00a0Good luck\u00a0\u00bb du douanier.<\/p>\n<p>Pourtant, je peux difficilement d\u00e9crire la joie qui m&rsquo;habite depuis ce simple passage frontalier. Nous avons l&rsquo;impression d&rsquo;avoir fait un v\u00e9ritable saut dans le pass\u00e9. Les routes sont bel et bien d\u00e9fonc\u00e9es mais c&rsquo;est avec un \u00e9norme sourire et les yeux grands \u00e9carquill\u00e9s que je navigue entre les trous&#8230;. \u00c9bahie devant ce tableau parfait\u00a0! Aucune des voitures que nous avons crois\u00e9 durant les deux premiers jours ne passeraient le contr\u00f4le technique. La grande majorit\u00e9 sont des Ladas des ann\u00e9es &rsquo;70, &rsquo;80 (et encore). Quand ce n&rsquo;est pas les charrettes en bois, tir\u00e9es par un ou deux chevaux, trimbalant les familles au grand complet pour la corv\u00e9e de lavage au bord de la rivi\u00e8re. Cette r\u00e9gion tr\u00e8s recul\u00e9e des Carpates nous offre de somptueux paysages de montagnes verdoyantes. Dans les vall\u00e9es en contrebas, les familles sont r\u00e9unies dans les champs pour la r\u00e9colte des pommes de terre, courges et autres cucurbitac\u00e9es. Il semble que chaque famille a son petit lopin de terre \u00e0 l&rsquo;ext\u00e9rieur du village.<\/p>\n<p>Les villes, quant \u00e0 elles, sont d&rsquo;une magnifique laideur. Immeubles en b\u00e9ton, sans autre charme que celui de n&rsquo;avoir pas \u00e9t\u00e9 entretenus depuis leur construction. \u00c9tales de fruits et l\u00e9gumes sur les bords de routes, petits kiosques faisant offices de boulangeries, caf\u00e9, magasins. V\u00e9los rouill\u00e9s, pi\u00e9tons, vieilles voitures soulevant la poussi\u00e8re des rues garnies de majestueux nids de poules. On se croirait en Orient. Et c&rsquo;est extraordinaire\u00a0! Je passe mes journ\u00e9es \u00e0 r\u00e9p\u00e9ter ce mot. Et \u00e0 tenter de m&rsquo;impr\u00e9gner suffisamment de ces ambiances pour ne pas les oublier. Nous ne savons pas si le reste de l&rsquo;Ukraine est aussi pauvre et rurale. Certainement pas partout. Mais nous aurions plut\u00f4t imagin\u00e9 de telles ambiances dans la partie plus \u00e0 l&rsquo;est du pays. La r\u00e9gion des Carpates est r\u00e9put\u00e9e pour \u00eatre beaucoup plus occidentale, ayant fait partie de l&#8217;empire Austro-Hongrois jusqu&rsquo;au d\u00e9but du 20e si\u00e8cle. L&rsquo;ukrainien est d&rsquo;ailleurs tr\u00e8s proche des autres langues slaves que nous c\u00f4toyons depuis presque deux mois et demi.<\/p>\n<p>Ronan, moins enthousiaste que moi, s&rsquo;est cependant laiss\u00e9 convaincre samedi. Des hommes assis \u00e0 une petite terrasse de magasin m&rsquo;ont fait signe de venir alors que nous passions. J&rsquo;ai p\u00e9dal\u00e9 plus vite pour rejoindre Ronan et lui dire qu&rsquo;on nous avait h\u00e9l\u00e9s. Respectant notre nouvelle r\u00e8gle qui veut que l&rsquo;on ne refuse jamais plus une invitation, peu importe l&rsquo;heure de la journ\u00e9e, nous avons fait demi-tour. Igor, Youri et Petro (ce n&rsquo;est m\u00eame pas une blague) nous ont offert vodka et rigolades tout en se relayant pour fournir Elouan en glaces et bonbons. Ils nous ont finalement propos\u00e9 de nous payer une chambre d&rsquo;h\u00f4tel pour la nuit. Nous n&rsquo;avons pas pu refuser. C&rsquo;est donc dans notre chambre du \u00ab\u00a0Komfort Hotel\u00a0\u00bb que nous avons fini la soir\u00e9e avec eux \u00e0 manger des sp\u00e9cialit\u00e9s d\u2019Azerba\u00efdjan. Lorsqu&rsquo;ils sont partis c&rsquo;est trois enfants que j&rsquo;ai eu \u00e0 coucher. Le plus grand semblait l\u00e9g\u00e8rement affect\u00e9 par le \u00ab\u00a0Gold of Ukraine\u00a0\u00bb qu&rsquo;il avait absorb\u00e9&#8230;<\/p>\n<p>La nuit ne fut bonne pour personne. La journ\u00e9e du dimanche un peu difficile. All\u00e9g\u00e9e cependant par une belle rencontre avec une famille d&rsquo;ukrainiens vivant \u00e0 Prague. Ils nous ont offert eau, fruits et caf\u00e9. Nous avons ensuite p\u00e9dal\u00e9 nos quelques 25km avant de nous \u00e9crouler de fatigue \u00e0 20h30. Heureusement les enfants \u00e9taient aussi fatigu\u00e9s que nous. La pluie nous a berc\u00e9s toute la nuit. La premi\u00e8re depuis longtemps. Nous pouvons compter sur les doigts d&rsquo;une main le nombre de jours de pluie que nous avons eus ces deux derniers mois. Elle devrait toutefois persister davantage cette semaine.<\/p>\n<p>Si tout va bien nous devrions passer la fronti\u00e8re roumaine mercredi. Ce sera certainement direction sud en quasi ligne droite, avec un petit crochet \u00e0 Cluj.<\/p>\n<p>Sandrine<\/p>\n<p>Nous avions oubli\u00e9 de publier les statistiques mensuelles, les voici :<\/p>\n<p>Statistiques 3\u00e8me mois\u00a0:<\/p>\n<p>577km parcourus<\/p>\n<p>3422m de d\u00e9nivel\u00e9 ascendant<\/p>\n<p>26,58\u20ac par jour<\/p>\n<p>11 nuits en camping sauvage<\/p>\n<p>18 nuits en camping payant<\/p>\n<p>&nbsp;<\/p>\n<p>Statistiques 4\u00e8me mois\u00a0:<\/p>\n<p>798km parcourus (3186km depuis le d\u00e9part)<\/p>\n<p>5283m de d\u00e9nivel\u00e9 ascendant (21 196m depuis le d\u00e9part)<\/p>\n<p>22 jours p\u00e9dal\u00e9s<\/p>\n<p>36,27km \/ jour roul\u00e9<\/p>\n<p>28,73\u20ac par jour (29,09 \u20ac\/jour depuis le d\u00e9part)<\/p>\n<p>11 nuits en camping sauvage<\/p>\n<p>17 nuits en camping payant<\/p>\n<p>3 nuits d&rsquo;h\u00e9bergement spontan\u00e9<\/p>\n<p>&nbsp;<\/p>\n<p>&nbsp;<\/p>\n","protected":false},"excerpt":{"rendered":"<p>Les quelques jours de repos \u00e0 Snina auront \u00e9t\u00e9 b\u00e9n\u00e9fiques pour mon coccyx et pour notre moral. La douleur provient d&rsquo;un abc\u00e8s infectieux, mais l&rsquo;os n&rsquo;est pas endommag\u00e9 comme je le craignais. Le m\u00e9decin \u00e0 l&rsquo;h\u00f4pital proposait de me faire une petite incision pour vider le tout. L&rsquo;histoire aurait \u00e9t\u00e9 r\u00e9gl\u00e9e en cinq minutes m&rsquo;assurait-il, [&hellip;]<\/p>\n","protected":false},"author":1,"featured_media":791,"comment_status":"open","ping_status":"open","sticky":false,"template":"","format":"standard","meta":{"footnotes":""},"categories":[4],"tags":[],"class_list":["post-790","post","type-post","status-publish","format-standard","has-post-thumbnail","hentry","category-carnets-de-route"],"_links":{"self":[{"href":"https:\/\/www.lepennec.org\/partons\/wp-json\/wp\/v2\/posts\/790","targetHints":{"allow":["GET"]}}],"collection":[{"href":"https:\/\/www.lepennec.org\/partons\/wp-json\/wp\/v2\/posts"}],"about":[{"href":"https:\/\/www.lepennec.org\/partons\/wp-json\/wp\/v2\/types\/post"}],"author":[{"embeddable":true,"href":"https:\/\/www.lepennec.org\/partons\/wp-json\/wp\/v2\/users\/1"}],"replies":[{"embeddable":true,"href":"https:\/\/www.lepennec.org\/partons\/wp-json\/wp\/v2\/comments?post=790"}],"version-history":[{"count":2,"href":"https:\/\/www.lepennec.org\/partons\/wp-json\/wp\/v2\/posts\/790\/revisions"}],"predecessor-version":[{"id":818,"href":"https:\/\/www.lepennec.org\/partons\/wp-json\/wp\/v2\/posts\/790\/revisions\/818"}],"wp:featuredmedia":[{"embeddable":true,"href":"https:\/\/www.lepennec.org\/partons\/wp-json\/wp\/v2\/media\/791"}],"wp:attachment":[{"href":"https:\/\/www.lepennec.org\/partons\/wp-json\/wp\/v2\/media?parent=790"}],"wp:term":[{"taxonomy":"category","embeddable":true,"href":"https:\/\/www.lepennec.org\/partons\/wp-json\/wp\/v2\/categories?post=790"},{"taxonomy":"post_tag","embeddable":true,"href":"https:\/\/www.lepennec.org\/partons\/wp-json\/wp\/v2\/tags?post=790"}],"curies":[{"name":"wp","href":"https:\/\/api.w.org\/{rel}","templated":true}]}}