{"id":922,"date":"2013-10-02T13:18:34","date_gmt":"2013-10-02T11:18:34","guid":{"rendered":"http:\/\/www.lepennec.org\/partons\/?p=922"},"modified":"2013-10-02T13:22:03","modified_gmt":"2013-10-02T11:22:03","slug":"premiere-neige","status":"publish","type":"post","link":"https:\/\/www.lepennec.org\/partons\/premiere-neige\/","title":{"rendered":"Premi\u00e8re neige !"},"content":{"rendered":"<p>Un court message pour vous partager notre \u00e9moi d&rsquo;hier lorsque nous avons d\u00e9couvert que la pluie se transformait petit \u00e0 petit en neige&#8230; de moins en moins fondante. Nous sommes partis de la pension Adela sous une belle temp\u00eate de neige. La premi\u00e8re de l&rsquo;ann\u00e9e, au moins un mois en avance. Consternation dans toute la r\u00e9gion. Les routes ont \u00e9t\u00e9 bloqu\u00e9es, ferm\u00e9es, congestionn\u00e9es. Bref, c&rsquo;\u00e9tait comme le premi\u00e8re neige \u00e0 Paris; tous les m\u00e9dias diffusaient les images en boucle. Neige \u00e0 Brasov, mais vent violent sur la c\u00f4te et dans le sud du pays. Des inondations (encore), des arbres tomb\u00e9s, les ports ferm\u00e9s&#8230; Mais avant de savoir tout \u00e7a nous avons na\u00efvement pris la route en esp\u00e9rant rallier Brasov pour prendre le train de 17h. Il ne nous a pas fallu beaucoup de temps pour nous rendre compte que c&rsquo;\u00e9tait mission impossible. Heureusement, nous avons pu jeter les sacoches et les v\u00e9los dans le compartiment bagages du train r\u00e9gional. Le trajet durait 20 min. Assez pour contempler les paysages enneig\u00e9s.<\/p>\n<p>A Brasov, pour passer les quelques heures avant notre d\u00e9part, nous nous sommes r\u00e9fugi\u00e9s dans une pizzeria pour prendre un caf\u00e9. Le propri\u00e9taire, \u00e9bahi de nous voir arriver sous la neige, dans le froid, est sorti nous accueillir. Il nous a ensuite raconter que lorsqu&rsquo;il a entendu Elouan appeler du chariot, n&rsquo;en croyant pas ses oreilles, il a cru que c&rsquo;\u00e9tait une sonnerie de t\u00e9l\u00e9phone. Il semble que notre situation l&rsquo;ai particuli\u00e8rement touch\u00e9e car apr\u00e8s nous avoir offert de la soupe chaude et du pain \u00e0 volont\u00e9, il nous a propos\u00e9 de nous loger dans une chambre vide de son appartement en attendant que la m\u00e9t\u00e9o s&rsquo;am\u00e9liore. Ce que nous avons fait avec plaisir, courant \u00e0 la gare pour \u00e9changer nos billets de train.<\/p>\n<p>Bien que nous soyons confortablement install\u00e9s, trop sans doute, nous allons partir aujourd&rsquo;hui. Ils annoncent -7 degr\u00e9s ici demain. Encore un peu venteux sur la c\u00f4te mais 10 degr\u00e9s plus chaud. Ils seront les bienvenus!<\/p>\n<p>&nbsp;<\/p>\n<p><iframe loading=\"lazy\" width=\"420\" height=\"315\" src=\"\/\/www.youtube.com\/embed\/3YP4h32GBF4?rel=0\" frameborder=\"0\" allowfullscreen><\/iframe><br \/>\n&nbsp;<\/p>\n","protected":false},"excerpt":{"rendered":"<p>Un court message pour vous partager notre \u00e9moi d&rsquo;hier lorsque nous avons d\u00e9couvert que la pluie se transformait petit \u00e0 petit en neige&#8230; de moins en moins fondante. Nous sommes partis de la pension Adela sous une belle temp\u00eate de neige. La premi\u00e8re de l&rsquo;ann\u00e9e, au moins un mois en avance. Consternation dans toute la [&hellip;]<\/p>\n","protected":false},"author":1,"featured_media":924,"comment_status":"open","ping_status":"open","sticky":false,"template":"","format":"standard","meta":{"footnotes":""},"categories":[4],"tags":[],"class_list":["post-922","post","type-post","status-publish","format-standard","has-post-thumbnail","hentry","category-carnets-de-route"],"_links":{"self":[{"href":"https:\/\/www.lepennec.org\/partons\/wp-json\/wp\/v2\/posts\/922","targetHints":{"allow":["GET"]}}],"collection":[{"href":"https:\/\/www.lepennec.org\/partons\/wp-json\/wp\/v2\/posts"}],"about":[{"href":"https:\/\/www.lepennec.org\/partons\/wp-json\/wp\/v2\/types\/post"}],"author":[{"embeddable":true,"href":"https:\/\/www.lepennec.org\/partons\/wp-json\/wp\/v2\/users\/1"}],"replies":[{"embeddable":true,"href":"https:\/\/www.lepennec.org\/partons\/wp-json\/wp\/v2\/comments?post=922"}],"version-history":[{"count":3,"href":"https:\/\/www.lepennec.org\/partons\/wp-json\/wp\/v2\/posts\/922\/revisions"}],"predecessor-version":[{"id":930,"href":"https:\/\/www.lepennec.org\/partons\/wp-json\/wp\/v2\/posts\/922\/revisions\/930"}],"wp:featuredmedia":[{"embeddable":true,"href":"https:\/\/www.lepennec.org\/partons\/wp-json\/wp\/v2\/media\/924"}],"wp:attachment":[{"href":"https:\/\/www.lepennec.org\/partons\/wp-json\/wp\/v2\/media?parent=922"}],"wp:term":[{"taxonomy":"category","embeddable":true,"href":"https:\/\/www.lepennec.org\/partons\/wp-json\/wp\/v2\/categories?post=922"},{"taxonomy":"post_tag","embeddable":true,"href":"https:\/\/www.lepennec.org\/partons\/wp-json\/wp\/v2\/tags?post=922"}],"curies":[{"name":"wp","href":"https:\/\/api.w.org\/{rel}","templated":true}]}}